{"id":111,"date":"2014-01-27T01:18:38","date_gmt":"2014-01-27T00:18:38","guid":{"rendered":"http:\/\/localhost\/spdtl\/wordpress\/?p=111"},"modified":"2014-03-10T15:18:18","modified_gmt":"2014-03-10T14:18:18","slug":"kandidaten-fuer-den-kreistag","status":"publish","type":"post","link":"https:\/\/www.spd-trier-land.de\/?p=111","title":{"rendered":"Kandidaten f\u00fcr den Kreistag"},"content":{"rendered":"<p>Am Samstag, den 25.01.2014 w\u00e4hlten die SPD-Mitglieder des Kreises Trier-Saarburg in Osburg ihre Kandidatinnen und Kandidaten f\u00fcr den Wahlvorschlag zur Kommunalwahl 2014. <!--more-->Aus Trier-Land kandidieren auf Platz 7 <strong>Karin M\u00fcller<\/strong> aus Trierweiler, Platz 16 <strong>Edgar Schmitt<\/strong> aus Zemmer, Platz 28 <strong>Dieter M\u00fcller<\/strong> aus Trierweiler, Platz 35 <strong>Matthias Wagner<\/strong> aus Langsur, Platz 38 <strong>Dominik Matter<\/strong> aus Newel, sowie auf Platz 49 <strong>Alexander Birkel<\/strong> aus Kordel, Platz 51 <strong>Rainer Gierten<\/strong> aus Trierweiler, Platz 58 <strong>Stefan Bins<\/strong> aus Newel.<\/p>\n<p>Mehr auf\u00a0<a href=\"http:\/\/www.spd-trier-saarburg.de\/\">http:\/\/www.spd-trier-saarburg.de<\/a><\/p>\n","protected":false},"excerpt":{"rendered":"<p>Am Samstag, den 25.01.2014 w\u00e4hlten die SPD-Mitglieder des Kreises Trier-Saarburg in Osburg ihre Kandidatinnen und Kandidaten f\u00fcr den Wahlvorschlag zur Kommunalwahl 2014.<\/p>\n","protected":false},"author":1,"featured_media":0,"comment_status":"closed","ping_status":"closed","sticky":false,"template":"","format":"standard","meta":{"footnotes":""},"categories":[5,77,8,3,2,7,73,10,6],"tags":[16,213,15],"class_list":["post-111","post","type-post","status-publish","format-standard","hentry","category-kordel","category-kreistagswahl","category-langsur","category-newel","category-trier-land","category-trierweiler","category-wahlen","category-welschbillig","category-zemmer","tag-kandiaten","tag-kommunalwahl","tag-kreistag"],"_links":{"self":[{"href":"https:\/\/www.spd-trier-land.de\/index.php?rest_route=\/wp\/v2\/posts\/111","targetHints":{"allow":["GET"]}}],"collection":[{"href":"https:\/\/www.spd-trier-land.de\/index.php?rest_route=\/wp\/v2\/posts"}],"about":[{"href":"https:\/\/www.spd-trier-land.de\/index.php?rest_route=\/wp\/v2\/types\/post"}],"author":[{"embeddable":true,"href":"https:\/\/www.spd-trier-land.de\/index.php?rest_route=\/wp\/v2\/users\/1"}],"replies":[{"embeddable":true,"href":"https:\/\/www.spd-trier-land.de\/index.php?rest_route=%2Fwp%2Fv2%2Fcomments&post=111"}],"version-history":[{"count":1,"href":"https:\/\/www.spd-trier-land.de\/index.php?rest_route=\/wp\/v2\/posts\/111\/revisions"}],"predecessor-version":[{"id":112,"href":"https:\/\/www.spd-trier-land.de\/index.php?rest_route=\/wp\/v2\/posts\/111\/revisions\/112"}],"wp:attachment":[{"href":"https:\/\/www.spd-trier-land.de\/index.php?rest_route=%2Fwp%2Fv2%2Fmedia&parent=111"}],"wp:term":[{"taxonomy":"category","embeddable":true,"href":"https:\/\/www.spd-trier-land.de\/index.php?rest_route=%2Fwp%2Fv2%2Fcategories&post=111"},{"taxonomy":"post_tag","embeddable":true,"href":"https:\/\/www.spd-trier-land.de\/index.php?rest_route=%2Fwp%2Fv2%2Ftags&post=111"}],"curies":[{"name":"wp","href":"https:\/\/api.w.org\/{rel}","templated":true}]}}