{"id":1222,"date":"2024-07-10T21:39:05","date_gmt":"2024-07-10T19:39:05","guid":{"rendered":"http:\/\/www.spd-trier-land.de\/?p=1222"},"modified":"2026-02-08T23:57:32","modified_gmt":"2026-02-08T22:57:32","slug":"wahl-zum-1-beigeordneten-dieter-mueller","status":"publish","type":"post","link":"https:\/\/www.spd-trier-land.de\/?p=1222","title":{"rendered":"Wahl zum 1. Beigeordneten &#8211; Dieter M\u00fcller"},"content":{"rendered":"\n<p>Dieter M\u00fcller wurde auf der konstituierenden Verbandsgemeinderatssitzung der VG Trier-Land am 10.07.2024 zum Ersten Beigeordneten gew\u00e4hlt und ernannt. <\/p>\n\n\n\n<figure class=\"wp-block-image size-large\"><a href=\"http:\/\/www.spd-trier-land.de\/wp-content\/uploads\/2024\/07\/2024-07-10_Ernennung1BG_Mueller.jpg\"><img loading=\"lazy\" decoding=\"async\" width=\"1024\" height=\"672\" src=\"http:\/\/www.spd-trier-land.de\/wp-content\/uploads\/2024\/07\/2024-07-10_Ernennung1BG_Mueller-1024x672.jpg\" alt=\"\" class=\"wp-image-1223\" srcset=\"https:\/\/www.spd-trier-land.de\/wp-content\/uploads\/2024\/07\/2024-07-10_Ernennung1BG_Mueller-1024x672.jpg 1024w, https:\/\/www.spd-trier-land.de\/wp-content\/uploads\/2024\/07\/2024-07-10_Ernennung1BG_Mueller-300x197.jpg 300w, https:\/\/www.spd-trier-land.de\/wp-content\/uploads\/2024\/07\/2024-07-10_Ernennung1BG_Mueller-768x504.jpg 768w, https:\/\/www.spd-trier-land.de\/wp-content\/uploads\/2024\/07\/2024-07-10_Ernennung1BG_Mueller.jpg 1230w\" sizes=\"auto, (max-width: 1024px) 100vw, 1024px\" \/><\/a><figcaption class=\"wp-element-caption\"><sub>VG-B\u00fcrgermeister Michael Holstein &#8211; 1. Beigeordneter Dieter M\u00fcller (SPD) &#8211; 2. Beigeordneter Marcel Keilen (FWG)<\/sub><\/figcaption><\/figure>\n\n\n\n<p>Wir w\u00fcnschen Dieter bei der Wahrnehmung seines Amtes eine gl\u00fcckliche Hand. <\/p>\n\n\n\n<p><\/p>\n","protected":false},"excerpt":{"rendered":"<p>Dieter M\u00fcller wurde auf der konstituierenden Verbandsgemeinderatssitzung der VG Trier-Land am 10.07.2024 zum Ersten Beigeordneten gew\u00e4hlt und ernannt. Wir w\u00fcnschen Dieter bei der Wahrnehmung seines Amtes eine gl\u00fcckliche Hand.<\/p>\n","protected":false},"author":1,"featured_media":911,"comment_status":"closed","ping_status":"closed","sticky":false,"template":"","format":"standard","meta":{"footnotes":""},"categories":[2],"tags":[129,288,215,198,188],"class_list":["post-1222","post","type-post","status-publish","format-standard","has-post-thumbnail","hentry","category-trier-land","tag-beigeordneter","tag-dieter-mueller","tag-spd","tag-trier-land","tag-trierweiler"],"_links":{"self":[{"href":"https:\/\/www.spd-trier-land.de\/index.php?rest_route=\/wp\/v2\/posts\/1222","targetHints":{"allow":["GET"]}}],"collection":[{"href":"https:\/\/www.spd-trier-land.de\/index.php?rest_route=\/wp\/v2\/posts"}],"about":[{"href":"https:\/\/www.spd-trier-land.de\/index.php?rest_route=\/wp\/v2\/types\/post"}],"author":[{"embeddable":true,"href":"https:\/\/www.spd-trier-land.de\/index.php?rest_route=\/wp\/v2\/users\/1"}],"replies":[{"embeddable":true,"href":"https:\/\/www.spd-trier-land.de\/index.php?rest_route=%2Fwp%2Fv2%2Fcomments&post=1222"}],"version-history":[{"count":4,"href":"https:\/\/www.spd-trier-land.de\/index.php?rest_route=\/wp\/v2\/posts\/1222\/revisions"}],"predecessor-version":[{"id":1228,"href":"https:\/\/www.spd-trier-land.de\/index.php?rest_route=\/wp\/v2\/posts\/1222\/revisions\/1228"}],"wp:featuredmedia":[{"embeddable":true,"href":"https:\/\/www.spd-trier-land.de\/index.php?rest_route=\/wp\/v2\/media\/911"}],"wp:attachment":[{"href":"https:\/\/www.spd-trier-land.de\/index.php?rest_route=%2Fwp%2Fv2%2Fmedia&parent=1222"}],"wp:term":[{"taxonomy":"category","embeddable":true,"href":"https:\/\/www.spd-trier-land.de\/index.php?rest_route=%2Fwp%2Fv2%2Fcategories&post=1222"},{"taxonomy":"post_tag","embeddable":true,"href":"https:\/\/www.spd-trier-land.de\/index.php?rest_route=%2Fwp%2Fv2%2Ftags&post=1222"}],"curies":[{"name":"wp","href":"https:\/\/api.w.org\/{rel}","templated":true}]}}