{"id":1354,"date":"2026-02-09T20:07:56","date_gmt":"2026-02-09T19:07:56","guid":{"rendered":"https:\/\/www.spd-trier-land.de\/?p=1354"},"modified":"2026-02-09T20:09:39","modified_gmt":"2026-02-09T19:09:39","slug":"vorstand-schlaegt-neises-vor","status":"publish","type":"post","link":"https:\/\/www.spd-trier-land.de\/?p=1354","title":{"rendered":"VG-B\u00fcrgermeisterwahl: Neises vorgeschlagen"},"content":{"rendered":"\n<p>Der Vorstand des SPD-Gemeindeverbandes Trier-Land hat in seiner letzten Sitzung auf<br>Wunsch der Mitgliederversammlung einen Kandidaten f\u00fcr die Wahl zum<br>Verbandsb\u00fcrgermeister in der Verbandsgemeinde Trier-Land 2026 nominiert.<br>Zu diesem Zweck werden alle Mitglieder der SPD Trier-Land zur Mitgliederversammlung<br>in Kordel am 04. M\u00e4rz 2026 erwartet.<br><\/p>\n\n\n\n<p>Der Vorstand hat den 54-j\u00e4hrigen Kaufmann Thomas Neises aus Trier-Pfalzel als<br>Herausforderer f\u00fcr Michael Holstein einstimmig nominiert.<br>Thomas Neises ist seit 33 Jahren Mitglied der SPD, seit 30 Jahren selbstst\u00e4ndiger<br>Unternehmer und f\u00fcr die Partei seit 2009 im Trierer Stadtrat aktiv.<br><\/p>\n\n\n\n<p>Er bringt ideale Voraussetzungen mit, f\u00fcr die vielf\u00e4ltigen Aufgaben des<br>Verbandsb\u00fcrgermeister in der Verbandsgemeinde Trier-Land.<\/p>\n","protected":false},"excerpt":{"rendered":"<p>Der Vorstand des SPD-Gemeindeverbandes Trier-Land hat in seiner letzten Sitzung aufWunsch der Mitgliederversammlung einen Kandidaten f\u00fcr die Wahl zumVerbandsb\u00fcrgermeister in der Verbandsgemeinde Trier-Land 2026 nominiert.Zu diesem Zweck werden alle Mitglieder der SPD Trier-Land zur Mitgliederversammlungin Kordel am 04. M\u00e4rz 2026 erwartet. Der Vorstand hat den 54-j\u00e4hrigen Kaufmann Thomas Neises aus Trier-Pfalzel alsHerausforderer f\u00fcr Michael Holstein [&hellip;]<\/p>\n","protected":false},"author":7,"featured_media":1355,"comment_status":"closed","ping_status":"closed","sticky":false,"template":"","format":"standard","meta":{"footnotes":""},"categories":[466,2],"tags":[],"class_list":["post-1354","post","type-post","status-publish","format-standard","has-post-thumbnail","hentry","category-thomas-neises","category-trier-land"],"_links":{"self":[{"href":"https:\/\/www.spd-trier-land.de\/index.php?rest_route=\/wp\/v2\/posts\/1354","targetHints":{"allow":["GET"]}}],"collection":[{"href":"https:\/\/www.spd-trier-land.de\/index.php?rest_route=\/wp\/v2\/posts"}],"about":[{"href":"https:\/\/www.spd-trier-land.de\/index.php?rest_route=\/wp\/v2\/types\/post"}],"author":[{"embeddable":true,"href":"https:\/\/www.spd-trier-land.de\/index.php?rest_route=\/wp\/v2\/users\/7"}],"replies":[{"embeddable":true,"href":"https:\/\/www.spd-trier-land.de\/index.php?rest_route=%2Fwp%2Fv2%2Fcomments&post=1354"}],"version-history":[{"count":3,"href":"https:\/\/www.spd-trier-land.de\/index.php?rest_route=\/wp\/v2\/posts\/1354\/revisions"}],"predecessor-version":[{"id":1358,"href":"https:\/\/www.spd-trier-land.de\/index.php?rest_route=\/wp\/v2\/posts\/1354\/revisions\/1358"}],"wp:featuredmedia":[{"embeddable":true,"href":"https:\/\/www.spd-trier-land.de\/index.php?rest_route=\/wp\/v2\/media\/1355"}],"wp:attachment":[{"href":"https:\/\/www.spd-trier-land.de\/index.php?rest_route=%2Fwp%2Fv2%2Fmedia&parent=1354"}],"wp:term":[{"taxonomy":"category","embeddable":true,"href":"https:\/\/www.spd-trier-land.de\/index.php?rest_route=%2Fwp%2Fv2%2Fcategories&post=1354"},{"taxonomy":"post_tag","embeddable":true,"href":"https:\/\/www.spd-trier-land.de\/index.php?rest_route=%2Fwp%2Fv2%2Ftags&post=1354"}],"curies":[{"name":"wp","href":"https:\/\/api.w.org\/{rel}","templated":true}]}}