{"id":152,"date":"2013-08-01T18:15:31","date_gmt":"2013-08-01T16:15:31","guid":{"rendered":"http:\/\/localhost\/spdtl\/wordpress\/?p=152"},"modified":"2014-09-30T18:08:17","modified_gmt":"2014-09-30T16:08:17","slug":"endlich-kann-es-losgehen-im-kestenberg","status":"publish","type":"post","link":"https:\/\/www.spd-trier-land.de\/?p=152","title":{"rendered":"Endlich kann es losgehen im Kestenberg"},"content":{"rendered":"<p>Nach Jahrzehnten des Wartens, intensiven Verhandlungen unter Ortsb\u00fcrgermeister a.D. Bernard Kopp mit der Kreis- und Verbandsgemeindeverwaltung und nach Stillstand unter Matthias Mohn hat es die SPD-Fraktion mit Ihrem Antrag in der Gemeinderatsitzung im Mai erreicht, die haushalterischen Voraussetzungen zu schaffen, um den <b><i><span style=\"text-decoration: underline;\">Kestenberg<\/span><\/i><\/b> endlich als Baugebiet zu erschlie\u00dfen.<!--more--><\/p>\n<p>Auch der Ortsbeirat hat diesem Ansinnen einstimmig zugestimmt.<\/p>\n<p>Wie geht es nun weiter ?<\/p>\n<p>Nach Genehmigung des Haushaltes durch die Kreisverwaltung muss ein Planungsb\u00fcro beauftragt werden.<\/p>\n<p>Dann m\u00fcsste nach unserem Daf\u00fcrhalten Ende dieses Jahres eine erste Besprechung mit den Anliegern erfolgen k\u00f6nnen.<\/p>\n<p>Falls wir nicht \u00fcberstimmt und ausgebremst werden.<\/p>\n<p><b><i>Wir bleiben jedenfalls am Ball !<\/i><\/b><\/p>\n","protected":false},"excerpt":{"rendered":"<p>Nach Jahrzehnten des Wartens, intensiven Verhandlungen unter Ortsb\u00fcrgermeister a.D. Bernard Kopp mit der Kreis- und Verbandsgemeindeverwaltung und nach Stillstand unter Matthias Mohn hat es die SPD-Fraktion mit Ihrem Antrag in der Gemeinderatsitzung im Mai erreicht, die haushalterischen Voraussetzungen zu schaffen, um den Kestenberg endlich als Baugebiet zu erschlie\u00dfen.<\/p>\n","protected":false},"author":1,"featured_media":257,"comment_status":"closed","ping_status":"closed","sticky":false,"template":"","format":"standard","meta":{"footnotes":""},"categories":[3],"tags":[19,27,18],"class_list":["post-152","post","type-post","status-publish","format-standard","has-post-thumbnail","hentry","category-newel","tag-baugebiet","tag-butzweiler","tag-kestenberg"],"_links":{"self":[{"href":"https:\/\/www.spd-trier-land.de\/index.php?rest_route=\/wp\/v2\/posts\/152","targetHints":{"allow":["GET"]}}],"collection":[{"href":"https:\/\/www.spd-trier-land.de\/index.php?rest_route=\/wp\/v2\/posts"}],"about":[{"href":"https:\/\/www.spd-trier-land.de\/index.php?rest_route=\/wp\/v2\/types\/post"}],"author":[{"embeddable":true,"href":"https:\/\/www.spd-trier-land.de\/index.php?rest_route=\/wp\/v2\/users\/1"}],"replies":[{"embeddable":true,"href":"https:\/\/www.spd-trier-land.de\/index.php?rest_route=%2Fwp%2Fv2%2Fcomments&post=152"}],"version-history":[{"count":2,"href":"https:\/\/www.spd-trier-land.de\/index.php?rest_route=\/wp\/v2\/posts\/152\/revisions"}],"predecessor-version":[{"id":162,"href":"https:\/\/www.spd-trier-land.de\/index.php?rest_route=\/wp\/v2\/posts\/152\/revisions\/162"}],"wp:featuredmedia":[{"embeddable":true,"href":"https:\/\/www.spd-trier-land.de\/index.php?rest_route=\/wp\/v2\/media\/257"}],"wp:attachment":[{"href":"https:\/\/www.spd-trier-land.de\/index.php?rest_route=%2Fwp%2Fv2%2Fmedia&parent=152"}],"wp:term":[{"taxonomy":"category","embeddable":true,"href":"https:\/\/www.spd-trier-land.de\/index.php?rest_route=%2Fwp%2Fv2%2Fcategories&post=152"},{"taxonomy":"post_tag","embeddable":true,"href":"https:\/\/www.spd-trier-land.de\/index.php?rest_route=%2Fwp%2Fv2%2Ftags&post=152"}],"curies":[{"name":"wp","href":"https:\/\/api.w.org\/{rel}","templated":true}]}}