{"id":154,"date":"2013-08-01T18:15:57","date_gmt":"2013-08-01T16:15:57","guid":{"rendered":"http:\/\/localhost\/spdtl\/wordpress\/?p=154"},"modified":"2014-09-30T18:07:51","modified_gmt":"2014-09-30T16:07:51","slug":"meinungsbildung-im-gemeinderat-newel","status":"publish","type":"post","link":"https:\/\/www.spd-trier-land.de\/?p=154","title":{"rendered":"Meinungsbildung im Gemeinderat Newel"},"content":{"rendered":"<p>In der Gemeinderatssitzung im Mai in Lorich ist es zu einem Vorfall gekommen, den wir eindeutig missbilligen! Eine Unterbrechung der Sitzung mit dem Ziel, die Sorgen und Be-lange der Einwohner anh\u00f6ren zu k\u00f6nnen wurde als unzul\u00e4ssig unterbunden und die B\u00fcrgerinnen und B\u00fcrger zum Schweigen verdammt. <!--more-->\u00dcber diese uns \u00fcberraschende \u00c4nderung der \u201eSpielregeln\u201c (Abschaffung von Sitzungsunterbrechungen) waren weder der Rat noch die anwesenden B\u00fcrger vorab in Kenntnis gesetzt worden. Eine schriftliche Best\u00e4tigung z.B. durch eine Mitteilung im Amtsblatt steht bis dato aus.<\/p>\n<p>Wir als Gemeinderatsmitglieder m\u00f6chten f\u00fcr die Belange der B\u00fcrger arbeiten und sind auf R\u00fcckmeldungen\u00a0 angewiesen. Den in Lorich erfolgten Umgang mit den am Gemeindegeschehen interessierten B\u00fcrgerinnen und B\u00fcrgern empfinden wir als stillos und undemokratisch !<\/p>\n<p>Wir w\u00fcnschen uns, dass der Gemeinderat sich in Zukunft wieder den Belangen der B\u00fcrger \u00f6ffnet.<\/p>\n","protected":false},"excerpt":{"rendered":"<p>In der Gemeinderatssitzung im Mai in Lorich ist es zu einem Vorfall gekommen, den wir eindeutig missbilligen! Eine Unterbrechung der Sitzung mit dem Ziel, die Sorgen und Be-lange der Einwohner anh\u00f6ren zu k\u00f6nnen wurde als unzul\u00e4ssig unterbunden und die B\u00fcrgerinnen und B\u00fcrger zum Schweigen verdammt.<\/p>\n","protected":false},"author":1,"featured_media":0,"comment_status":"closed","ping_status":"closed","sticky":false,"template":"","format":"standard","meta":{"footnotes":""},"categories":[3],"tags":[21,20],"class_list":["post-154","post","type-post","status-publish","format-standard","hentry","category-newel","tag-buergerbeteiligung","tag-gemeinderat"],"_links":{"self":[{"href":"https:\/\/www.spd-trier-land.de\/index.php?rest_route=\/wp\/v2\/posts\/154","targetHints":{"allow":["GET"]}}],"collection":[{"href":"https:\/\/www.spd-trier-land.de\/index.php?rest_route=\/wp\/v2\/posts"}],"about":[{"href":"https:\/\/www.spd-trier-land.de\/index.php?rest_route=\/wp\/v2\/types\/post"}],"author":[{"embeddable":true,"href":"https:\/\/www.spd-trier-land.de\/index.php?rest_route=\/wp\/v2\/users\/1"}],"replies":[{"embeddable":true,"href":"https:\/\/www.spd-trier-land.de\/index.php?rest_route=%2Fwp%2Fv2%2Fcomments&post=154"}],"version-history":[{"count":2,"href":"https:\/\/www.spd-trier-land.de\/index.php?rest_route=\/wp\/v2\/posts\/154\/revisions"}],"predecessor-version":[{"id":160,"href":"https:\/\/www.spd-trier-land.de\/index.php?rest_route=\/wp\/v2\/posts\/154\/revisions\/160"}],"wp:attachment":[{"href":"https:\/\/www.spd-trier-land.de\/index.php?rest_route=%2Fwp%2Fv2%2Fmedia&parent=154"}],"wp:term":[{"taxonomy":"category","embeddable":true,"href":"https:\/\/www.spd-trier-land.de\/index.php?rest_route=%2Fwp%2Fv2%2Fcategories&post=154"},{"taxonomy":"post_tag","embeddable":true,"href":"https:\/\/www.spd-trier-land.de\/index.php?rest_route=%2Fwp%2Fv2%2Ftags&post=154"}],"curies":[{"name":"wp","href":"https:\/\/api.w.org\/{rel}","templated":true}]}}