{"id":158,"date":"2013-08-01T18:15:09","date_gmt":"2013-08-01T16:15:09","guid":{"rendered":"http:\/\/localhost\/spdtl\/wordpress\/?p=158"},"modified":"2014-09-30T18:08:37","modified_gmt":"2014-09-30T16:08:37","slug":"der-besslicher-tennisplatz-chancen-fuer-ein-buergerbeteiligungsprojekt","status":"publish","type":"post","link":"https:\/\/www.spd-trier-land.de\/?p=158","title":{"rendered":"Der Be\u00dflicher Tennisplatz \u2013 Chancen f\u00fcr ein B\u00fcrgerbeteiligungsprojekt?"},"content":{"rendered":"<p>Wie bereits im November berichtet, ist der ehemalige Tennisplatz und das dazugeh\u00f6rige Vereinshaus nach Aufl\u00f6sung des Tennisvereins zur\u00fcck an die Gemeinde gefallen. <!--more-->Derzeit zeichnet sich ab, dass sich \u00fcbergangsweise Nutzer sowohl f\u00fcr das Vereinshaus, wie auch f\u00fcr den Platz finden lassen.<\/p>\n<p>Des Weiteren stellt sich die Frage, wie die zuk\u00fcnftige Verwendung f\u00fcr die B\u00fcrgerinnen und B\u00fcrger aussehen k\u00f6nnte.<\/p>\n<p>Sch\u00f6n w\u00e4re es, wenn wir f\u00fcr das Gel\u00e4nde unter B\u00fcrgerbeteiligung Ideen sammeln und umsetzten k\u00f6nnten. Da ist viel denkbar und sicher auch machbar, wenn gro\u00dfes Interesse an einzelnen Ideen besteht.<\/p>\n","protected":false},"excerpt":{"rendered":"<p>Wie bereits im November berichtet, ist der ehemalige Tennisplatz und das dazugeh\u00f6rige Vereinshaus nach Aufl\u00f6sung des Tennisvereins zur\u00fcck an die Gemeinde gefallen.<\/p>\n","protected":false},"author":1,"featured_media":258,"comment_status":"closed","ping_status":"closed","sticky":false,"template":"","format":"standard","meta":{"footnotes":""},"categories":[3],"tags":[23,21,25],"class_list":["post-158","post","type-post","status-publish","format-standard","has-post-thumbnail","hentry","category-newel","tag-besslich","tag-buergerbeteiligung","tag-tennisanlage"],"_links":{"self":[{"href":"https:\/\/www.spd-trier-land.de\/index.php?rest_route=\/wp\/v2\/posts\/158","targetHints":{"allow":["GET"]}}],"collection":[{"href":"https:\/\/www.spd-trier-land.de\/index.php?rest_route=\/wp\/v2\/posts"}],"about":[{"href":"https:\/\/www.spd-trier-land.de\/index.php?rest_route=\/wp\/v2\/types\/post"}],"author":[{"embeddable":true,"href":"https:\/\/www.spd-trier-land.de\/index.php?rest_route=\/wp\/v2\/users\/1"}],"replies":[{"embeddable":true,"href":"https:\/\/www.spd-trier-land.de\/index.php?rest_route=%2Fwp%2Fv2%2Fcomments&post=158"}],"version-history":[{"count":2,"href":"https:\/\/www.spd-trier-land.de\/index.php?rest_route=\/wp\/v2\/posts\/158\/revisions"}],"predecessor-version":[{"id":263,"href":"https:\/\/www.spd-trier-land.de\/index.php?rest_route=\/wp\/v2\/posts\/158\/revisions\/263"}],"wp:featuredmedia":[{"embeddable":true,"href":"https:\/\/www.spd-trier-land.de\/index.php?rest_route=\/wp\/v2\/media\/258"}],"wp:attachment":[{"href":"https:\/\/www.spd-trier-land.de\/index.php?rest_route=%2Fwp%2Fv2%2Fmedia&parent=158"}],"wp:term":[{"taxonomy":"category","embeddable":true,"href":"https:\/\/www.spd-trier-land.de\/index.php?rest_route=%2Fwp%2Fv2%2Fcategories&post=158"},{"taxonomy":"post_tag","embeddable":true,"href":"https:\/\/www.spd-trier-land.de\/index.php?rest_route=%2Fwp%2Fv2%2Ftags&post=158"}],"curies":[{"name":"wp","href":"https:\/\/api.w.org\/{rel}","templated":true}]}}