{"id":165,"date":"2013-08-01T18:15:18","date_gmt":"2013-08-01T16:15:18","guid":{"rendered":"http:\/\/localhost\/spdtl\/wordpress\/?p=165"},"modified":"2014-09-30T18:08:25","modified_gmt":"2014-09-30T16:08:25","slug":"sportplatz-newel","status":"publish","type":"post","link":"https:\/\/www.spd-trier-land.de\/?p=165","title":{"rendered":"Sportplatz Newel"},"content":{"rendered":"<p>&nbsp;<\/p>\n<p><span style=\"color: #000000;\">Der Gemeinderat hat in seiner Sitzung am 28. Mai 2013 beschlossen, der Auflage, den Sportplatz Newel bis Ende dieses Jahres ans \u00f6ffentliche Kanalnetz anzuschlie\u00dfen, oder <\/span><span style=\"color: #000000;\">die Abw\u00e4sser zu sammeln und entsorgen zu lassen, zu entsprechen.<!--more--><\/span><\/p>\n<p><span style=\"color: #000000;\">Auch wir sind der Meinung, wenn der Sportplatz in Newel erhalten werden soll, muss dies eben so sein.<\/span><\/p>\n<p><span style=\"color: #000000;\">Die SPD-Fraktion sagt: Aber nicht f\u00fcr die veranschlagten ca. 60.000,&#8211; Euro, die ein Ingenieurb\u00fcro errechnet hat.<\/span><\/p>\n<p><span style=\"color: #000000;\">Dieser enorme Betrag kann aus Haushaltsmitteln der Gemeinde allein nicht bestritten werden.<\/span><\/p>\n<p><span style=\"color: #000000;\">Da muss der Ortsb\u00fcrgermeister nach einer kosteng\u00fcnstigeren L\u00f6sung suchen.<\/span><\/p>\n","protected":false},"excerpt":{"rendered":"<p>&nbsp; Der Gemeinderat hat in seiner Sitzung am 28. Mai 2013 beschlossen, der Auflage, den Sportplatz Newel bis Ende dieses Jahres ans \u00f6ffentliche Kanalnetz anzuschlie\u00dfen, oder die Abw\u00e4sser zu sammeln und entsorgen zu lassen, zu entsprechen.<\/p>\n","protected":false},"author":1,"featured_media":0,"comment_status":"closed","ping_status":"closed","sticky":false,"template":"","format":"standard","meta":{"footnotes":""},"categories":[3],"tags":[30,201,29],"class_list":["post-165","post","type-post","status-publish","format-standard","hentry","category-newel","tag-abwasser","tag-newel","tag-sportplatz"],"_links":{"self":[{"href":"https:\/\/www.spd-trier-land.de\/index.php?rest_route=\/wp\/v2\/posts\/165","targetHints":{"allow":["GET"]}}],"collection":[{"href":"https:\/\/www.spd-trier-land.de\/index.php?rest_route=\/wp\/v2\/posts"}],"about":[{"href":"https:\/\/www.spd-trier-land.de\/index.php?rest_route=\/wp\/v2\/types\/post"}],"author":[{"embeddable":true,"href":"https:\/\/www.spd-trier-land.de\/index.php?rest_route=\/wp\/v2\/users\/1"}],"replies":[{"embeddable":true,"href":"https:\/\/www.spd-trier-land.de\/index.php?rest_route=%2Fwp%2Fv2%2Fcomments&post=165"}],"version-history":[{"count":1,"href":"https:\/\/www.spd-trier-land.de\/index.php?rest_route=\/wp\/v2\/posts\/165\/revisions"}],"predecessor-version":[{"id":166,"href":"https:\/\/www.spd-trier-land.de\/index.php?rest_route=\/wp\/v2\/posts\/165\/revisions\/166"}],"wp:attachment":[{"href":"https:\/\/www.spd-trier-land.de\/index.php?rest_route=%2Fwp%2Fv2%2Fmedia&parent=165"}],"wp:term":[{"taxonomy":"category","embeddable":true,"href":"https:\/\/www.spd-trier-land.de\/index.php?rest_route=%2Fwp%2Fv2%2Fcategories&post=165"},{"taxonomy":"post_tag","embeddable":true,"href":"https:\/\/www.spd-trier-land.de\/index.php?rest_route=%2Fwp%2Fv2%2Ftags&post=165"}],"curies":[{"name":"wp","href":"https:\/\/api.w.org\/{rel}","templated":true}]}}