{"id":167,"date":"2013-08-01T18:15:15","date_gmt":"2013-08-01T16:15:15","guid":{"rendered":"http:\/\/localhost\/spdtl\/wordpress\/?p=167"},"modified":"2014-01-27T18:33:31","modified_gmt":"2014-01-27T16:33:31","slug":"strasse-geschenkt","status":"publish","type":"post","link":"https:\/\/www.spd-trier-land.de\/?p=167","title":{"rendered":"Stra\u00dfe geschenkt"},"content":{"rendered":"<p><b><span style=\"font-family: Arial; color: #000000;\">\u00a0<\/span><\/b><span style=\"color: #000000;\">Um Kosten zu sparen, wird der Kreis mit Abschluss der Bauarbeiten an der K 26 zwischen Butzweiler und Lorich (soll 2014 begonnen und fertig gestellt werden) die K 27 zwischen Lorich und Biewerbach von einer Kreisstra\u00dfe zur Gemeindestra\u00dfe umwidmen.<!--more--><\/span><\/p>\n<p><span style=\"color: #000000;\">Wir bekommen diese Stra\u00dfe also geschenkt. Der Kreis unterh\u00e4lt keine zwei Kreisstra\u00dfen <\/span><\/p>\n<p><span style=\"color: #000000;\">zu einem kleinen Ort und wird nach eigenen Aussagen die K 26<span style=\"font-family: Arial;\">\u00a0 n i c h t<\/span><span style=\"font-family: Arial;\">\u00a0 erneuern, wenn <\/span><\/span><span style=\"color: #000000;\">wir die K 27 nicht \u00fcbernehmen. Mit hieraus resultierenden Vorteilen f\u00fcr die B\u00fcrger ist leider nicht zu rechnen. Die Gemeinde ist weder personell noch maschinell so ausgestattet, dass die Verkehrssicherheit auf Dauer gew\u00e4hrleistet ist.<\/span><\/p>\n<p><span style=\"color: #000000;\">Was passiert dann ?<\/span><\/p>\n","protected":false},"excerpt":{"rendered":"<p>\u00a0Um Kosten zu sparen, wird der Kreis mit Abschluss der Bauarbeiten an der K 26 zwischen Butzweiler und Lorich (soll 2014 begonnen und fertig gestellt werden) die K 27 zwischen Lorich und Biewerbach von einer Kreisstra\u00dfe zur Gemeindestra\u00dfe umwidmen.<\/p>\n","protected":false},"author":1,"featured_media":0,"comment_status":"open","ping_status":"open","sticky":false,"template":"","format":"standard","meta":{"footnotes":""},"categories":[3],"tags":[34,33,214,28,201,31],"class_list":["post-167","post","type-post","status-publish","format-standard","hentry","category-newel","tag-k26","tag-k27","tag-kreis","tag-lorich","tag-newel","tag-strasse"],"_links":{"self":[{"href":"https:\/\/www.spd-trier-land.de\/index.php?rest_route=\/wp\/v2\/posts\/167","targetHints":{"allow":["GET"]}}],"collection":[{"href":"https:\/\/www.spd-trier-land.de\/index.php?rest_route=\/wp\/v2\/posts"}],"about":[{"href":"https:\/\/www.spd-trier-land.de\/index.php?rest_route=\/wp\/v2\/types\/post"}],"author":[{"embeddable":true,"href":"https:\/\/www.spd-trier-land.de\/index.php?rest_route=\/wp\/v2\/users\/1"}],"replies":[{"embeddable":true,"href":"https:\/\/www.spd-trier-land.de\/index.php?rest_route=%2Fwp%2Fv2%2Fcomments&post=167"}],"version-history":[{"count":1,"href":"https:\/\/www.spd-trier-land.de\/index.php?rest_route=\/wp\/v2\/posts\/167\/revisions"}],"predecessor-version":[{"id":168,"href":"https:\/\/www.spd-trier-land.de\/index.php?rest_route=\/wp\/v2\/posts\/167\/revisions\/168"}],"wp:attachment":[{"href":"https:\/\/www.spd-trier-land.de\/index.php?rest_route=%2Fwp%2Fv2%2Fmedia&parent=167"}],"wp:term":[{"taxonomy":"category","embeddable":true,"href":"https:\/\/www.spd-trier-land.de\/index.php?rest_route=%2Fwp%2Fv2%2Fcategories&post=167"},{"taxonomy":"post_tag","embeddable":true,"href":"https:\/\/www.spd-trier-land.de\/index.php?rest_route=%2Fwp%2Fv2%2Ftags&post=167"}],"curies":[{"name":"wp","href":"https:\/\/api.w.org\/{rel}","templated":true}]}}