{"id":170,"date":"2013-05-09T18:45:15","date_gmt":"2013-05-09T16:45:15","guid":{"rendered":"http:\/\/localhost\/spdtl\/wordpress\/?p=170"},"modified":"2014-01-27T18:47:09","modified_gmt":"2014-01-27T16:47:09","slug":"ehrungen-und-vorstandswahlen-des-spd-ortsvereins","status":"publish","type":"post","link":"https:\/\/www.spd-trier-land.de\/?p=170","title":{"rendered":"Ehrungen und Vorstandswahlen des SPD Ortsvereins"},"content":{"rendered":"<p>Die Sozialdemokraten aus der Gemeinde Zemmer trafen sich am 28.03.2013 im Gasthaus Wolter, Zemmer-Rodt.<\/p>\n<p>Die Wahlen zum Vorstand des SPD Ortsverein ergaben:\u00a0 Der 1. Vorsitzende Edgar Schmitt, Schleidweiler wurde im Amt best\u00e4tigt, ebenso wie der 2. Vorsitzende Werner Koch, Rodt und Gesch\u00e4ftsf\u00fchrerin\/Kassiererin Annegrethe Berg aus Zemmer. Stellv. Gesch\u00e4ftsf\u00fchrer\/Kassierer bleibt Helmut Heinz aus Schleidweiler.\u00a0<!--more--><\/p>\n<p>Das Amt der Beisitzer\/in \u00fcbernimmt \u00a0Hedi Weber, Dominik Schuh, Pietro de Sabata aus Rodt. Helke Schneider aus Zemmer. Kassenpr\u00fcfer sind weiterhin Adele Koster, Rodt und Carsten Wollscheid aus Schleidweiler.<\/p>\n<p>&nbsp;<\/p>\n<p>In ihrem Gesch\u00e4ftsbericht ging Annegrethe Berg auf die zahlreichen Aktivit\u00e4ten des Ortsvereins im abgelaufenen Jahr ein. Am 7. Januar 2012, fand der Kabarettistische Neujahrsempfang mit den Melodisteln im Pfarrheim Rodt statt. Der Arbeitsgruppe \u201eGut leben in Zemmer\u201c mit Hedi Weber, Bettina Keck und Lieselotte Waldecker dankte sie f\u00fcr die geleistete Arbeit. Die Veranstaltungen \u201eDement \u2013 Was nun?\u201c war f\u00fcr B\u00fcrgerinnen und B\u00fcrger mehr als informativ. Die Maiwanderung, in Zusammenarbeit mit der AG60plus, Besichtigung Heimatmuseum Zemmer, Schreinerei HOLZart war ein erlebnisreicher Tag, nicht nur f\u00fcr SPD Mitglieder.<\/p>\n<p>&nbsp;<\/p>\n<p>Geehrt wurden in der Sitzung Walter Kirn und Friedbert M\u00fcller aus Zemmer f\u00fcr 25 Jahre. Die Auszeichnung wurde vom Ortsvereinvorsitzenden Edgar Schmitt vorgenommen. Sie erhielten Ehrennadel, Urkunde und ein Weinpr\u00e4sent. In Abwesenheit Mathias Mertes aus Daufenbach f\u00fcr 40 Jahre Mitgliedschaft.<\/p>\n<p>Zum Abschluss berichtete Edgar Schmitt, 1. Vorsitzender und Ortsb\u00fcrgermeister der Gemeinde Zemmer \u00fcber die politische Arbeit in der Gemeinde Zemmer und Verbandsgemeinde Trier-Land.<\/p>\n<hr \/>\n","protected":false},"excerpt":{"rendered":"<p>Die Sozialdemokraten aus der Gemeinde Zemmer trafen sich am 28.03.2013 im Gasthaus Wolter, Zemmer-Rodt. Die Wahlen zum Vorstand des SPD Ortsverein ergaben:\u00a0 Der 1. Vorsitzende Edgar Schmitt, Schleidweiler wurde im Amt best\u00e4tigt, ebenso wie der 2. Vorsitzende Werner Koch, Rodt und Gesch\u00e4ftsf\u00fchrerin\/Kassiererin Annegrethe Berg aus Zemmer. Stellv. Gesch\u00e4ftsf\u00fchrer\/Kassierer bleibt Helmut Heinz aus Schleidweiler.\u00a0<\/p>\n","protected":false},"author":1,"featured_media":0,"comment_status":"open","ping_status":"open","sticky":false,"template":"","format":"standard","meta":{"footnotes":""},"categories":[6],"tags":[38,36,215,37,207],"class_list":["post-170","post","type-post","status-publish","format-standard","hentry","category-zemmer","tag-ehrungen","tag-ortsverein","tag-spd","tag-vorstandswahlen","tag-zemmer"],"_links":{"self":[{"href":"https:\/\/www.spd-trier-land.de\/index.php?rest_route=\/wp\/v2\/posts\/170","targetHints":{"allow":["GET"]}}],"collection":[{"href":"https:\/\/www.spd-trier-land.de\/index.php?rest_route=\/wp\/v2\/posts"}],"about":[{"href":"https:\/\/www.spd-trier-land.de\/index.php?rest_route=\/wp\/v2\/types\/post"}],"author":[{"embeddable":true,"href":"https:\/\/www.spd-trier-land.de\/index.php?rest_route=\/wp\/v2\/users\/1"}],"replies":[{"embeddable":true,"href":"https:\/\/www.spd-trier-land.de\/index.php?rest_route=%2Fwp%2Fv2%2Fcomments&post=170"}],"version-history":[{"count":1,"href":"https:\/\/www.spd-trier-land.de\/index.php?rest_route=\/wp\/v2\/posts\/170\/revisions"}],"predecessor-version":[{"id":171,"href":"https:\/\/www.spd-trier-land.de\/index.php?rest_route=\/wp\/v2\/posts\/170\/revisions\/171"}],"wp:attachment":[{"href":"https:\/\/www.spd-trier-land.de\/index.php?rest_route=%2Fwp%2Fv2%2Fmedia&parent=170"}],"wp:term":[{"taxonomy":"category","embeddable":true,"href":"https:\/\/www.spd-trier-land.de\/index.php?rest_route=%2Fwp%2Fv2%2Fcategories&post=170"},{"taxonomy":"post_tag","embeddable":true,"href":"https:\/\/www.spd-trier-land.de\/index.php?rest_route=%2Fwp%2Fv2%2Ftags&post=170"}],"curies":[{"name":"wp","href":"https:\/\/api.w.org\/{rel}","templated":true}]}}