{"id":222,"date":"2013-12-01T12:00:38","date_gmt":"2013-12-01T11:00:38","guid":{"rendered":"http:\/\/www.spd-trier-land.de\/?p=222"},"modified":"2014-09-30T18:07:42","modified_gmt":"2014-09-30T16:07:42","slug":"fideia-schaeaelemaan-12-2013","status":"publish","type":"post","link":"https:\/\/www.spd-trier-land.de\/?p=222","title":{"rendered":"Fideia Sch\u00e4\u00e4lemaan 12-2013"},"content":{"rendered":"<p>Der Ortsverein Zemmer umfa\u00dft die Gemeinde Zemmer (mit den Ortsbezirken Zemmer, Schleidweiler, Rodt und Daufenbach)<\/p>\n<p>Er gibt regelm\u00e4\u00dfig die Ortsvereinszeitung &#8222;Fideia Sch\u00e4\u00e4lemaan&#8220; heraus.<\/p>\n<p>Sollten Sie eine Ausgabe nicht erhalten haben, k\u00f6nnen Sie\u00a0sie hier als Download herunterladen.<\/p>\n<p>Fideia Sch\u00e4\u00e4lemaan &#8211; Ausgabe Dezember 2013<br \/>\n<a href=\"http:\/\/www.spd-trier-land.de\/wp-content\/uploads\/2014\/03\/Fideia_Schaeaaelemaan_Dezember_2013.pdf\">Fideia_Schaeaaelemaan_Dezember_2013<\/a><\/p>\n","protected":false},"excerpt":{"rendered":"<p>Der Ortsverein Zemmer umfa\u00dft die Gemeinde Zemmer (mit den Ortsbezirken Zemmer, Schleidweiler, Rodt und Daufenbach) Er gibt regelm\u00e4\u00dfig die Ortsvereinszeitung &#8222;Fideia Sch\u00e4\u00e4lemaan&#8220; heraus. Sollten Sie eine Ausgabe nicht erhalten haben, k\u00f6nnen Sie\u00a0sie hier als Download herunterladen. Fideia Sch\u00e4\u00e4lemaan &#8211; Ausgabe Dezember 2013 Fideia_Schaeaaelemaan_Dezember_2013<\/p>\n","protected":false},"author":1,"featured_media":291,"comment_status":"closed","ping_status":"closed","sticky":false,"template":"","format":"standard","meta":{"footnotes":""},"categories":[50,48,6],"tags":[218,207],"class_list":["post-222","post","type-post","status-publish","format-standard","has-post-thumbnail","hentry","category-fideia-schaeaelemaan","category-zeitungen","category-zemmer","tag-fideia-schaeaelemaan","tag-zemmer"],"_links":{"self":[{"href":"https:\/\/www.spd-trier-land.de\/index.php?rest_route=\/wp\/v2\/posts\/222","targetHints":{"allow":["GET"]}}],"collection":[{"href":"https:\/\/www.spd-trier-land.de\/index.php?rest_route=\/wp\/v2\/posts"}],"about":[{"href":"https:\/\/www.spd-trier-land.de\/index.php?rest_route=\/wp\/v2\/types\/post"}],"author":[{"embeddable":true,"href":"https:\/\/www.spd-trier-land.de\/index.php?rest_route=\/wp\/v2\/users\/1"}],"replies":[{"embeddable":true,"href":"https:\/\/www.spd-trier-land.de\/index.php?rest_route=%2Fwp%2Fv2%2Fcomments&post=222"}],"version-history":[{"count":4,"href":"https:\/\/www.spd-trier-land.de\/index.php?rest_route=\/wp\/v2\/posts\/222\/revisions"}],"predecessor-version":[{"id":292,"href":"https:\/\/www.spd-trier-land.de\/index.php?rest_route=\/wp\/v2\/posts\/222\/revisions\/292"}],"wp:featuredmedia":[{"embeddable":true,"href":"https:\/\/www.spd-trier-land.de\/index.php?rest_route=\/wp\/v2\/media\/291"}],"wp:attachment":[{"href":"https:\/\/www.spd-trier-land.de\/index.php?rest_route=%2Fwp%2Fv2%2Fmedia&parent=222"}],"wp:term":[{"taxonomy":"category","embeddable":true,"href":"https:\/\/www.spd-trier-land.de\/index.php?rest_route=%2Fwp%2Fv2%2Fcategories&post=222"},{"taxonomy":"post_tag","embeddable":true,"href":"https:\/\/www.spd-trier-land.de\/index.php?rest_route=%2Fwp%2Fv2%2Ftags&post=222"}],"curies":[{"name":"wp","href":"https:\/\/api.w.org\/{rel}","templated":true}]}}