{"id":224,"date":"2011-03-01T12:00:05","date_gmt":"2011-03-01T11:00:05","guid":{"rendered":"http:\/\/www.spd-trier-land.de\/?p=224"},"modified":"2014-09-30T18:08:58","modified_gmt":"2014-09-30T16:08:58","slug":"fideia-schaeaelemaan-03-2011","status":"publish","type":"post","link":"https:\/\/www.spd-trier-land.de\/?p=224","title":{"rendered":"Fideia Sch\u00e4\u00e4lemaan 03-2011"},"content":{"rendered":"<p>Der Ortsverein Zemmer umfa\u00dft die Gemeinde Zemmer (mit den Ortsbezirken Zemmer, Schleidweiler, Rodt und Daufenbach)<\/p>\n<p>Er gibt regelm\u00e4\u00dfig die Ortsvereinszeitung &#8222;Fideia Sch\u00e4\u00e4lemaan&#8220; heraus.<\/p>\n<p>Sollten Sie eine Ausgabe nicht erhalten haben, k\u00f6nnen Sie\u00a0sie hier als Download herunterladen.<\/p>\n<p>Fideia Sch\u00e4\u00e4lemaan &#8211; Ausgabe M\u00e4rz 2011<br \/>\n<a href=\"http:\/\/localhost\/spdtl\/wordpress\/?attachment_id=143\" rel=\"attachment wp-att-143\">Fideia_Schaeaelemaan_Ausgabe_Maerz_2011<\/a><\/p>\n","protected":false},"excerpt":{"rendered":"<p>Der Ortsverein Zemmer umfa\u00dft die Gemeinde Zemmer (mit den Ortsbezirken Zemmer, Schleidweiler, Rodt und Daufenbach) Er gibt regelm\u00e4\u00dfig die Ortsvereinszeitung &#8222;Fideia Sch\u00e4\u00e4lemaan&#8220; heraus. Sollten Sie eine Ausgabe nicht erhalten haben, k\u00f6nnen Sie\u00a0sie hier als Download herunterladen. Fideia Sch\u00e4\u00e4lemaan &#8211; Ausgabe M\u00e4rz 2011 Fideia_Schaeaelemaan_Ausgabe_Maerz_2011<\/p>\n","protected":false},"author":1,"featured_media":291,"comment_status":"closed","ping_status":"closed","sticky":false,"template":"","format":"standard","meta":{"footnotes":""},"categories":[50,48,6],"tags":[218,207],"class_list":["post-224","post","type-post","status-publish","format-standard","has-post-thumbnail","hentry","category-fideia-schaeaelemaan","category-zeitungen","category-zemmer","tag-fideia-schaeaelemaan","tag-zemmer"],"_links":{"self":[{"href":"https:\/\/www.spd-trier-land.de\/index.php?rest_route=\/wp\/v2\/posts\/224","targetHints":{"allow":["GET"]}}],"collection":[{"href":"https:\/\/www.spd-trier-land.de\/index.php?rest_route=\/wp\/v2\/posts"}],"about":[{"href":"https:\/\/www.spd-trier-land.de\/index.php?rest_route=\/wp\/v2\/types\/post"}],"author":[{"embeddable":true,"href":"https:\/\/www.spd-trier-land.de\/index.php?rest_route=\/wp\/v2\/users\/1"}],"replies":[{"embeddable":true,"href":"https:\/\/www.spd-trier-land.de\/index.php?rest_route=%2Fwp%2Fv2%2Fcomments&post=224"}],"version-history":[{"count":2,"href":"https:\/\/www.spd-trier-land.de\/index.php?rest_route=\/wp\/v2\/posts\/224\/revisions"}],"predecessor-version":[{"id":293,"href":"https:\/\/www.spd-trier-land.de\/index.php?rest_route=\/wp\/v2\/posts\/224\/revisions\/293"}],"wp:featuredmedia":[{"embeddable":true,"href":"https:\/\/www.spd-trier-land.de\/index.php?rest_route=\/wp\/v2\/media\/291"}],"wp:attachment":[{"href":"https:\/\/www.spd-trier-land.de\/index.php?rest_route=%2Fwp%2Fv2%2Fmedia&parent=224"}],"wp:term":[{"taxonomy":"category","embeddable":true,"href":"https:\/\/www.spd-trier-land.de\/index.php?rest_route=%2Fwp%2Fv2%2Fcategories&post=224"},{"taxonomy":"post_tag","embeddable":true,"href":"https:\/\/www.spd-trier-land.de\/index.php?rest_route=%2Fwp%2Fv2%2Ftags&post=224"}],"curies":[{"name":"wp","href":"https:\/\/api.w.org\/{rel}","templated":true}]}}