{"id":231,"date":"2010-09-01T12:00:04","date_gmt":"2010-09-01T10:00:04","guid":{"rendered":"http:\/\/www.spd-trier-land.de\/?p=231"},"modified":"2014-09-30T18:09:06","modified_gmt":"2014-09-30T16:09:06","slug":"fideia-schaeaelemaan-09-2010","status":"publish","type":"post","link":"https:\/\/www.spd-trier-land.de\/?p=231","title":{"rendered":"Fideia Sch\u00e4\u00e4lemaan 09-2010"},"content":{"rendered":"<p>Der Ortsverein Zemmer umfa\u00dft die Gemeinde Zemmer (mit den Ortsbezirken Zemmer, Schleidweiler, Rodt und Daufenbach)<\/p>\n<p>Er gibt regelm\u00e4\u00dfig die Ortsvereinszeitung &#8222;Fideia Sch\u00e4\u00e4lemaan&#8220; heraus.<\/p>\n<p>Fideia Sch\u00e4\u00e4lemaan &#8211; Ausgabe\u00a0September 2010<br \/>\n<a href=\"http:\/\/www.spd-trier-land.de\/wp-content\/uploads\/2014\/02\/Fideia_Schaeaelemaan_Ausgabe_September_2010.pdf\">Fideia_Schaeaelemaan_Ausgabe_September_2010<\/a><\/p>\n","protected":false},"excerpt":{"rendered":"<p>Der Ortsverein Zemmer umfa\u00dft die Gemeinde Zemmer (mit den Ortsbezirken Zemmer, Schleidweiler, Rodt und Daufenbach) Er gibt regelm\u00e4\u00dfig die Ortsvereinszeitung &#8222;Fideia Sch\u00e4\u00e4lemaan&#8220; heraus. Fideia Sch\u00e4\u00e4lemaan &#8211; Ausgabe\u00a0September 2010 Fideia_Schaeaelemaan_Ausgabe_September_2010<\/p>\n","protected":false},"author":1,"featured_media":0,"comment_status":"closed","ping_status":"closed","sticky":false,"template":"","format":"standard","meta":{"footnotes":""},"categories":[50,48,6],"tags":[218,207],"class_list":["post-231","post","type-post","status-publish","format-standard","hentry","category-fideia-schaeaelemaan","category-zeitungen","category-zemmer","tag-fideia-schaeaelemaan","tag-zemmer"],"_links":{"self":[{"href":"https:\/\/www.spd-trier-land.de\/index.php?rest_route=\/wp\/v2\/posts\/231","targetHints":{"allow":["GET"]}}],"collection":[{"href":"https:\/\/www.spd-trier-land.de\/index.php?rest_route=\/wp\/v2\/posts"}],"about":[{"href":"https:\/\/www.spd-trier-land.de\/index.php?rest_route=\/wp\/v2\/types\/post"}],"author":[{"embeddable":true,"href":"https:\/\/www.spd-trier-land.de\/index.php?rest_route=\/wp\/v2\/users\/1"}],"replies":[{"embeddable":true,"href":"https:\/\/www.spd-trier-land.de\/index.php?rest_route=%2Fwp%2Fv2%2Fcomments&post=231"}],"version-history":[{"count":1,"href":"https:\/\/www.spd-trier-land.de\/index.php?rest_route=\/wp\/v2\/posts\/231\/revisions"}],"predecessor-version":[{"id":232,"href":"https:\/\/www.spd-trier-land.de\/index.php?rest_route=\/wp\/v2\/posts\/231\/revisions\/232"}],"wp:attachment":[{"href":"https:\/\/www.spd-trier-land.de\/index.php?rest_route=%2Fwp%2Fv2%2Fmedia&parent=231"}],"wp:term":[{"taxonomy":"category","embeddable":true,"href":"https:\/\/www.spd-trier-land.de\/index.php?rest_route=%2Fwp%2Fv2%2Fcategories&post=231"},{"taxonomy":"post_tag","embeddable":true,"href":"https:\/\/www.spd-trier-land.de\/index.php?rest_route=%2Fwp%2Fv2%2Ftags&post=231"}],"curies":[{"name":"wp","href":"https:\/\/api.w.org\/{rel}","templated":true}]}}