{"id":233,"date":"2009-12-01T18:00:08","date_gmt":"2009-12-01T17:00:08","guid":{"rendered":"http:\/\/www.spd-trier-land.de\/?p=233"},"modified":"2014-09-30T18:09:14","modified_gmt":"2014-09-30T16:09:14","slug":"fideia-schaeaelemaan-12-2009","status":"publish","type":"post","link":"https:\/\/www.spd-trier-land.de\/?p=233","title":{"rendered":"Fideia Sch\u00e4\u00e4lemaan 12-2009"},"content":{"rendered":"<p>Der Ortsverein Zemmer umfa\u00dft die Gemeinde Zemmer (mit den Ortsbezirken Zemmer, Schleidweiler, Rodt und Daufenbach)<\/p>\n<p>Er gibt regelm\u00e4\u00dfig die Ortsvereinszeitung &#8222;Fideia Sch\u00e4\u00e4lemaan&#8220; heraus.<\/p>\n<p>Fideia Sch\u00e4\u00e4lemaan &#8211; Ausgabe Dezember 2009 <a href=\"http:\/\/www.spd-trier-land.de\/wp-content\/uploads\/2014\/02\/Fideia_Schaeaelemaan_Ausgabe_Dezember_2009.pdf\">Fideia_Schaeaelemaan_Ausgabe_Dezember_2009<\/a><\/p>\n","protected":false},"excerpt":{"rendered":"<p>Der Ortsverein Zemmer umfa\u00dft die Gemeinde Zemmer (mit den Ortsbezirken Zemmer, Schleidweiler, Rodt und Daufenbach) Er gibt regelm\u00e4\u00dfig die Ortsvereinszeitung &#8222;Fideia Sch\u00e4\u00e4lemaan&#8220; heraus. Fideia Sch\u00e4\u00e4lemaan &#8211; Ausgabe Dezember 2009 Fideia_Schaeaelemaan_Ausgabe_Dezember_2009<\/p>\n","protected":false},"author":1,"featured_media":0,"comment_status":"closed","ping_status":"closed","sticky":false,"template":"","format":"standard","meta":{"footnotes":""},"categories":[50,48,6],"tags":[218,207],"class_list":["post-233","post","type-post","status-publish","format-standard","hentry","category-fideia-schaeaelemaan","category-zeitungen","category-zemmer","tag-fideia-schaeaelemaan","tag-zemmer"],"_links":{"self":[{"href":"https:\/\/www.spd-trier-land.de\/index.php?rest_route=\/wp\/v2\/posts\/233","targetHints":{"allow":["GET"]}}],"collection":[{"href":"https:\/\/www.spd-trier-land.de\/index.php?rest_route=\/wp\/v2\/posts"}],"about":[{"href":"https:\/\/www.spd-trier-land.de\/index.php?rest_route=\/wp\/v2\/types\/post"}],"author":[{"embeddable":true,"href":"https:\/\/www.spd-trier-land.de\/index.php?rest_route=\/wp\/v2\/users\/1"}],"replies":[{"embeddable":true,"href":"https:\/\/www.spd-trier-land.de\/index.php?rest_route=%2Fwp%2Fv2%2Fcomments&post=233"}],"version-history":[{"count":1,"href":"https:\/\/www.spd-trier-land.de\/index.php?rest_route=\/wp\/v2\/posts\/233\/revisions"}],"predecessor-version":[{"id":234,"href":"https:\/\/www.spd-trier-land.de\/index.php?rest_route=\/wp\/v2\/posts\/233\/revisions\/234"}],"wp:attachment":[{"href":"https:\/\/www.spd-trier-land.de\/index.php?rest_route=%2Fwp%2Fv2%2Fmedia&parent=233"}],"wp:term":[{"taxonomy":"category","embeddable":true,"href":"https:\/\/www.spd-trier-land.de\/index.php?rest_route=%2Fwp%2Fv2%2Fcategories&post=233"},{"taxonomy":"post_tag","embeddable":true,"href":"https:\/\/www.spd-trier-land.de\/index.php?rest_route=%2Fwp%2Fv2%2Ftags&post=233"}],"curies":[{"name":"wp","href":"https:\/\/api.w.org\/{rel}","templated":true}]}}