{"id":274,"date":"2014-03-05T06:00:15","date_gmt":"2014-03-05T05:00:15","guid":{"rendered":"http:\/\/www.spd-trier-land.de\/?p=274"},"modified":"2014-09-30T18:06:35","modified_gmt":"2014-09-30T16:06:35","slug":"reaktivierung-des-wanderwegenetzes","status":"publish","type":"post","link":"https:\/\/www.spd-trier-land.de\/?p=274","title":{"rendered":"Reaktivierung des Wanderwegenetzes"},"content":{"rendered":"<p>Seitens der Verbandsgemeinde Trier-Land und dem Verein Ferienregion Trierer-Land wird eine Reaktivierung des Wanderwegenetzes in der Verbandsgemeinde anvisiert. Dazu wird zun\u00e4chst ein Planungsb\u00fcro mit der Ermittlung der genauen Kosten und der m\u00f6glichen Wanderwege beauftragt. Die Gemeinde Newel wird anschlie\u00dfend entscheiden, welche Wanderwege bei uns umgesetzt werden k\u00f6nnen.<\/p>\n","protected":false},"excerpt":{"rendered":"<p>Seitens der Verbandsgemeinde Trier-Land und dem Verein Ferienregion Trierer-Land wird eine Reaktivierung des Wanderwegenetzes in der Verbandsgemeinde anvisiert. Dazu wird zun\u00e4chst ein Planungsb\u00fcro mit der Ermittlung der genauen Kosten und der m\u00f6glichen Wanderwege beauftragt. Die Gemeinde Newel wird anschlie\u00dfend entscheiden, welche Wanderwege bei uns umgesetzt werden k\u00f6nnen.<\/p>\n","protected":false},"author":1,"featured_media":0,"comment_status":"closed","ping_status":"closed","sticky":false,"template":"","format":"standard","meta":{"footnotes":""},"categories":[3],"tags":[201,63,198,62],"class_list":["post-274","post","type-post","status-publish","format-standard","hentry","category-newel","tag-newel","tag-tourismus","tag-trier-land","tag-wanderwege"],"_links":{"self":[{"href":"https:\/\/www.spd-trier-land.de\/index.php?rest_route=\/wp\/v2\/posts\/274","targetHints":{"allow":["GET"]}}],"collection":[{"href":"https:\/\/www.spd-trier-land.de\/index.php?rest_route=\/wp\/v2\/posts"}],"about":[{"href":"https:\/\/www.spd-trier-land.de\/index.php?rest_route=\/wp\/v2\/types\/post"}],"author":[{"embeddable":true,"href":"https:\/\/www.spd-trier-land.de\/index.php?rest_route=\/wp\/v2\/users\/1"}],"replies":[{"embeddable":true,"href":"https:\/\/www.spd-trier-land.de\/index.php?rest_route=%2Fwp%2Fv2%2Fcomments&post=274"}],"version-history":[{"count":1,"href":"https:\/\/www.spd-trier-land.de\/index.php?rest_route=\/wp\/v2\/posts\/274\/revisions"}],"predecessor-version":[{"id":275,"href":"https:\/\/www.spd-trier-land.de\/index.php?rest_route=\/wp\/v2\/posts\/274\/revisions\/275"}],"wp:attachment":[{"href":"https:\/\/www.spd-trier-land.de\/index.php?rest_route=%2Fwp%2Fv2%2Fmedia&parent=274"}],"wp:term":[{"taxonomy":"category","embeddable":true,"href":"https:\/\/www.spd-trier-land.de\/index.php?rest_route=%2Fwp%2Fv2%2Fcategories&post=274"},{"taxonomy":"post_tag","embeddable":true,"href":"https:\/\/www.spd-trier-land.de\/index.php?rest_route=%2Fwp%2Fv2%2Ftags&post=274"}],"curies":[{"name":"wp","href":"https:\/\/api.w.org\/{rel}","templated":true}]}}