{"id":278,"date":"2014-03-05T06:00:31","date_gmt":"2014-03-05T05:00:31","guid":{"rendered":"http:\/\/www.spd-trier-land.de\/?p=278"},"modified":"2014-09-30T18:06:27","modified_gmt":"2014-09-30T16:06:27","slug":"tennishaus-und-buergerbeteiligung-in-besslich","status":"publish","type":"post","link":"https:\/\/www.spd-trier-land.de\/?p=278","title":{"rendered":"Tennishaus und B\u00fcrgerbeteiligung in Be\u00dflich"},"content":{"rendered":"<p>Bereits in der Dezember-Sitzung 2013 hat der Gemeinderat Newel den Anschluss des ehem. Tennishauses in Be\u00dflich an den Kanal beschlossen, sodass das Tennishaus auch nach den neuen europ\u00e4ischen Richtlinien weiterhin genutzt werden kann.<\/p>\n<p>Der Ortsbeirat Be\u00dflich hat den SPD-Antrag f\u00fcr eine B\u00fcrgerbeteiligung zur Dorfentwicklung angenommen. Mit den n\u00e4chsten Schritten wird somit auch \u00fcber die Zukunft und die Nutzung der Anlage im Rahmen eines Gesamtkonzeptes f\u00fcr die Ortsteilentwicklung entschieden.<\/p>\n<p>Alle Be\u00dflicher B\u00fcrgerinnen und B\u00fcrger sind herzlich eingeladen, sich daran zu beteiligen.<\/p>\n","protected":false},"excerpt":{"rendered":"<p>Bereits in der Dezember-Sitzung 2013 hat der Gemeinderat Newel den Anschluss des ehem. Tennishauses in Be\u00dflich an den Kanal beschlossen, sodass das Tennishaus auch nach den neuen europ\u00e4ischen Richtlinien weiterhin genutzt werden kann. Der Ortsbeirat Be\u00dflich hat den SPD-Antrag f\u00fcr eine B\u00fcrgerbeteiligung zur Dorfentwicklung angenommen. Mit den n\u00e4chsten Schritten wird somit auch \u00fcber die Zukunft [&hellip;]<\/p>\n","protected":false},"author":1,"featured_media":0,"comment_status":"closed","ping_status":"closed","sticky":false,"template":"","format":"standard","meta":{"footnotes":""},"categories":[3],"tags":[23,21,201,25],"class_list":["post-278","post","type-post","status-publish","format-standard","hentry","category-newel","tag-besslich","tag-buergerbeteiligung","tag-newel","tag-tennisanlage"],"_links":{"self":[{"href":"https:\/\/www.spd-trier-land.de\/index.php?rest_route=\/wp\/v2\/posts\/278","targetHints":{"allow":["GET"]}}],"collection":[{"href":"https:\/\/www.spd-trier-land.de\/index.php?rest_route=\/wp\/v2\/posts"}],"about":[{"href":"https:\/\/www.spd-trier-land.de\/index.php?rest_route=\/wp\/v2\/types\/post"}],"author":[{"embeddable":true,"href":"https:\/\/www.spd-trier-land.de\/index.php?rest_route=\/wp\/v2\/users\/1"}],"replies":[{"embeddable":true,"href":"https:\/\/www.spd-trier-land.de\/index.php?rest_route=%2Fwp%2Fv2%2Fcomments&post=278"}],"version-history":[{"count":1,"href":"https:\/\/www.spd-trier-land.de\/index.php?rest_route=\/wp\/v2\/posts\/278\/revisions"}],"predecessor-version":[{"id":279,"href":"https:\/\/www.spd-trier-land.de\/index.php?rest_route=\/wp\/v2\/posts\/278\/revisions\/279"}],"wp:attachment":[{"href":"https:\/\/www.spd-trier-land.de\/index.php?rest_route=%2Fwp%2Fv2%2Fmedia&parent=278"}],"wp:term":[{"taxonomy":"category","embeddable":true,"href":"https:\/\/www.spd-trier-land.de\/index.php?rest_route=%2Fwp%2Fv2%2Fcategories&post=278"},{"taxonomy":"post_tag","embeddable":true,"href":"https:\/\/www.spd-trier-land.de\/index.php?rest_route=%2Fwp%2Fv2%2Ftags&post=278"}],"curies":[{"name":"wp","href":"https:\/\/api.w.org\/{rel}","templated":true}]}}