{"id":280,"date":"2014-03-05T06:10:13","date_gmt":"2014-03-05T05:10:13","guid":{"rendered":"http:\/\/www.spd-trier-land.de\/?p=280"},"modified":"2017-12-19T20:00:59","modified_gmt":"2017-12-19T19:00:59","slug":"endlich-kommt-das-schnelle-internet-dsl-fuer-ganz-newel","status":"publish","type":"post","link":"https:\/\/www.spd-trier-land.de\/?p=280","title":{"rendered":"Endlich kommt das schnelle Internet \u2013 DSL f\u00fcr ganz Newel"},"content":{"rendered":"<p>Nachdem die Gemeinde Newel den Ausbau der Breitbandversorgung beschlossen und ausgeschrieben hat, hat die Deutsche Telekom den Zuschlag erhalten.<\/p>\n<p>Die Telekom erschlie\u00dft bis Februar 2015 die Ortsteile Newel und Butzweiler mit Breitbandanschl\u00fcssen mit einer Geschwindigkeit von bis zu 50Mbit\/s.<\/p>\n<p>Auch die Ortsteile Lorich und Be\u00dflich stehen nicht hinten an. Die Telekom baut auch die Anschl\u00fcsse im Trierer Netz aus. In diesem Zuge sind auch die beiden Ortsteile davon erfasst.<\/p>\n<p>Wir danken an dieser Stelle auch der Breitbandinitiative Newel, die die Arbeit im Rat best\u00e4ndig und zuverl\u00e4ssig vorangetrieben und unterst\u00fctzt hat.<\/p>\n","protected":false},"excerpt":{"rendered":"<p>Nachdem die Gemeinde Newel den Ausbau der Breitbandversorgung beschlossen und ausgeschrieben hat, hat die Deutsche Telekom den Zuschlag erhalten. Die Telekom erschlie\u00dft bis Februar 2015 die Ortsteile Newel und Butzweiler mit Breitbandanschl\u00fcssen mit einer Geschwindigkeit von bis zu 50Mbit\/s. Auch die Ortsteile Lorich und Be\u00dflich stehen nicht hinten an. Die Telekom baut auch die Anschl\u00fcsse [&hellip;]<\/p>\n","protected":false},"author":1,"featured_media":0,"comment_status":"closed","ping_status":"closed","sticky":false,"template":"","format":"standard","meta":{"footnotes":""},"categories":[3],"tags":[67,23,65,27,26,28,201,66],"class_list":["post-280","post","type-post","status-publish","format-standard","hentry","category-newel","tag-ausbau","tag-besslich","tag-breitband","tag-butzweiler","tag-dsl","tag-lorich","tag-newel","tag-telekom"],"_links":{"self":[{"href":"https:\/\/www.spd-trier-land.de\/index.php?rest_route=\/wp\/v2\/posts\/280","targetHints":{"allow":["GET"]}}],"collection":[{"href":"https:\/\/www.spd-trier-land.de\/index.php?rest_route=\/wp\/v2\/posts"}],"about":[{"href":"https:\/\/www.spd-trier-land.de\/index.php?rest_route=\/wp\/v2\/types\/post"}],"author":[{"embeddable":true,"href":"https:\/\/www.spd-trier-land.de\/index.php?rest_route=\/wp\/v2\/users\/1"}],"replies":[{"embeddable":true,"href":"https:\/\/www.spd-trier-land.de\/index.php?rest_route=%2Fwp%2Fv2%2Fcomments&post=280"}],"version-history":[{"count":1,"href":"https:\/\/www.spd-trier-land.de\/index.php?rest_route=\/wp\/v2\/posts\/280\/revisions"}],"predecessor-version":[{"id":281,"href":"https:\/\/www.spd-trier-land.de\/index.php?rest_route=\/wp\/v2\/posts\/280\/revisions\/281"}],"wp:attachment":[{"href":"https:\/\/www.spd-trier-land.de\/index.php?rest_route=%2Fwp%2Fv2%2Fmedia&parent=280"}],"wp:term":[{"taxonomy":"category","embeddable":true,"href":"https:\/\/www.spd-trier-land.de\/index.php?rest_route=%2Fwp%2Fv2%2Fcategories&post=280"},{"taxonomy":"post_tag","embeddable":true,"href":"https:\/\/www.spd-trier-land.de\/index.php?rest_route=%2Fwp%2Fv2%2Ftags&post=280"}],"curies":[{"name":"wp","href":"https:\/\/api.w.org\/{rel}","templated":true}]}}