{"id":294,"date":"2014-02-23T15:18:45","date_gmt":"2014-02-23T14:18:45","guid":{"rendered":"http:\/\/www.spd-trier-land.de\/?p=294"},"modified":"2014-09-30T18:06:49","modified_gmt":"2014-09-30T16:06:49","slug":"kandidaten-fuer-newel","status":"publish","type":"post","link":"https:\/\/www.spd-trier-land.de\/?p=294","title":{"rendered":"Kandidaten f\u00fcr Newel"},"content":{"rendered":"<p>Die SPD Newel hat am 22.02.2014 in Lorich ihre Kandidatinnen und Kandidaten f\u00fcr die Kommunalwahlen in der Gemeinde Newel gew\u00e4hlt. Ortsb\u00fcrgermeisterkandidat und Spitzenkandidat f\u00fcr die Gemeinderatsliste ist der 34-j\u00e4hrige Polizeihauptkommissar Dominik Matter aus Be\u00dflich. Auf den weiteren Pl\u00e4tzen wurden f\u00fcr den Gemeinderat folgende Bewerber gew\u00e4hlt: Inga Anzenhofer (Butzweiler), Ralf Kauhausen (Newel), Renate P\u00e4ulgen (Be\u00dflich), Heiko Proost (Butzweiler), Dr. Gerrit Binz (Butzweiler), Stefan Bins (Butzweiler), Marc Salm (Newel), Bernd Wolf, Bernard Kopp, Tina Laudwein, Rainer Morbach, Volker Brunke, Julia Feilen, Nikolaus Lieser, Norbert Lorig, Gunter Kohl, Michael Albrecht (alle Butzweiler).<\/p>\n<p>Nikolaus Lieser kandidiert erneut als Ortsvorsteher in Butzweiler. Er f\u00fchrt zugleich die Liste f\u00fcr den Ortsbeirat Butzweiler an, gefolgt von Inga Anzenhofer, Norbert Lorig, Tina Laudwein, Stefan Bins, Rainer Morbach, Volker Brunke.<\/p>\n<p>F\u00fcr den Ortsbeirat Newel kandidieren Ralf Kauhausen und Marc Salm. F\u00fcr den Ortsbeirat Be\u00dflich Renate P\u00e4ulgen, Daniela Lazzaro und Dominik Matter.<\/p>\n","protected":false},"excerpt":{"rendered":"<p>Die SPD Newel hat am 22.02.2014 in Lorich ihre Kandidatinnen und Kandidaten f\u00fcr die Kommunalwahlen in der Gemeinde Newel gew\u00e4hlt. Ortsb\u00fcrgermeisterkandidat und Spitzenkandidat f\u00fcr die Gemeinderatsliste ist der 34-j\u00e4hrige Polizeihauptkommissar Dominik Matter aus Be\u00dflich. Auf den weiteren Pl\u00e4tzen wurden f\u00fcr den Gemeinderat folgende Bewerber gew\u00e4hlt: Inga Anzenhofer (Butzweiler), Ralf Kauhausen (Newel), Renate P\u00e4ulgen (Be\u00dflich), Heiko [&hellip;]<\/p>\n","protected":false},"author":1,"featured_media":0,"comment_status":"closed","ping_status":"closed","sticky":false,"template":"","format":"standard","meta":{"footnotes":""},"categories":[74,3,75,82,83,73],"tags":[],"class_list":["post-294","post","type-post","status-publish","format-standard","hentry","category-gemeinderatswahlen","category-newel","category-ortsbeiratswahlen","category-ortsbuergermeisterwahlen","category-ortsvorsteherwahlen","category-wahlen"],"_links":{"self":[{"href":"https:\/\/www.spd-trier-land.de\/index.php?rest_route=\/wp\/v2\/posts\/294","targetHints":{"allow":["GET"]}}],"collection":[{"href":"https:\/\/www.spd-trier-land.de\/index.php?rest_route=\/wp\/v2\/posts"}],"about":[{"href":"https:\/\/www.spd-trier-land.de\/index.php?rest_route=\/wp\/v2\/types\/post"}],"author":[{"embeddable":true,"href":"https:\/\/www.spd-trier-land.de\/index.php?rest_route=\/wp\/v2\/users\/1"}],"replies":[{"embeddable":true,"href":"https:\/\/www.spd-trier-land.de\/index.php?rest_route=%2Fwp%2Fv2%2Fcomments&post=294"}],"version-history":[{"count":4,"href":"https:\/\/www.spd-trier-land.de\/index.php?rest_route=\/wp\/v2\/posts\/294\/revisions"}],"predecessor-version":[{"id":334,"href":"https:\/\/www.spd-trier-land.de\/index.php?rest_route=\/wp\/v2\/posts\/294\/revisions\/334"}],"wp:attachment":[{"href":"https:\/\/www.spd-trier-land.de\/index.php?rest_route=%2Fwp%2Fv2%2Fmedia&parent=294"}],"wp:term":[{"taxonomy":"category","embeddable":true,"href":"https:\/\/www.spd-trier-land.de\/index.php?rest_route=%2Fwp%2Fv2%2Fcategories&post=294"},{"taxonomy":"post_tag","embeddable":true,"href":"https:\/\/www.spd-trier-land.de\/index.php?rest_route=%2Fwp%2Fv2%2Ftags&post=294"}],"curies":[{"name":"wp","href":"https:\/\/api.w.org\/{rel}","templated":true}]}}