{"id":307,"date":"2014-03-13T09:11:21","date_gmt":"2014-03-13T08:11:21","guid":{"rendered":"http:\/\/www.spd-trier-land.de\/?p=307"},"modified":"2014-09-30T18:06:20","modified_gmt":"2014-09-30T16:06:20","slug":"licht-am-ende-des-tunnels-kestenberg-wird-baugebiet","status":"publish","type":"post","link":"https:\/\/www.spd-trier-land.de\/?p=307","title":{"rendered":"Licht am Ende des Tunnels &#8211; Kestenberg wird Baugebiet."},"content":{"rendered":"<p>Auf\u00a0 SPD-Antrag vom 05.02. 2013 wurde auf der Gemeinderatsitzung am 19.02.2014 mehrheitlich beschlossen <b><i>\u201ezur Einleitung eines Bebauungsplanverfahrens f\u00fcr das Teilgebiet \u201eKestenberg\u201c eine Planungsgesellschaft mit der Erstellung st\u00e4dtebaulicher Grundleistungen gem. \u00a7 19 Abs. 1 HOAI<\/i><\/b> \u201e zu beauftragen.<!--more--><\/p>\n<p>Damit wird nicht nur Rechtssicherheit\u00a0 geschaffen sondern es k\u00f6nnen endlich die erforderlichen Planungen f\u00fcr die Stra\u00dfe in die Wege geleitet werden und f\u00fcr die jetzt brach liegenden Baustellen im Planungsverfahren Baurecht geschaffen werden.<\/p>\n","protected":false},"excerpt":{"rendered":"<p>Auf\u00a0 SPD-Antrag vom 05.02. 2013 wurde auf der Gemeinderatsitzung am 19.02.2014 mehrheitlich beschlossen \u201ezur Einleitung eines Bebauungsplanverfahrens f\u00fcr das Teilgebiet \u201eKestenberg\u201c eine Planungsgesellschaft mit der Erstellung st\u00e4dtebaulicher Grundleistungen gem. \u00a7 19 Abs. 1 HOAI \u201e zu beauftragen.<\/p>\n","protected":false},"author":1,"featured_media":257,"comment_status":"closed","ping_status":"closed","sticky":false,"template":"","format":"standard","meta":{"footnotes":""},"categories":[3],"tags":[19,27,18,201,84],"class_list":["post-307","post","type-post","status-publish","format-standard","has-post-thumbnail","hentry","category-newel","tag-baugebiet","tag-butzweiler","tag-kestenberg","tag-newel","tag-planungsverfahren"],"_links":{"self":[{"href":"https:\/\/www.spd-trier-land.de\/index.php?rest_route=\/wp\/v2\/posts\/307","targetHints":{"allow":["GET"]}}],"collection":[{"href":"https:\/\/www.spd-trier-land.de\/index.php?rest_route=\/wp\/v2\/posts"}],"about":[{"href":"https:\/\/www.spd-trier-land.de\/index.php?rest_route=\/wp\/v2\/types\/post"}],"author":[{"embeddable":true,"href":"https:\/\/www.spd-trier-land.de\/index.php?rest_route=\/wp\/v2\/users\/1"}],"replies":[{"embeddable":true,"href":"https:\/\/www.spd-trier-land.de\/index.php?rest_route=%2Fwp%2Fv2%2Fcomments&post=307"}],"version-history":[{"count":1,"href":"https:\/\/www.spd-trier-land.de\/index.php?rest_route=\/wp\/v2\/posts\/307\/revisions"}],"predecessor-version":[{"id":308,"href":"https:\/\/www.spd-trier-land.de\/index.php?rest_route=\/wp\/v2\/posts\/307\/revisions\/308"}],"wp:featuredmedia":[{"embeddable":true,"href":"https:\/\/www.spd-trier-land.de\/index.php?rest_route=\/wp\/v2\/media\/257"}],"wp:attachment":[{"href":"https:\/\/www.spd-trier-land.de\/index.php?rest_route=%2Fwp%2Fv2%2Fmedia&parent=307"}],"wp:term":[{"taxonomy":"category","embeddable":true,"href":"https:\/\/www.spd-trier-land.de\/index.php?rest_route=%2Fwp%2Fv2%2Fcategories&post=307"},{"taxonomy":"post_tag","embeddable":true,"href":"https:\/\/www.spd-trier-land.de\/index.php?rest_route=%2Fwp%2Fv2%2Ftags&post=307"}],"curies":[{"name":"wp","href":"https:\/\/api.w.org\/{rel}","templated":true}]}}