{"id":313,"date":"2014-03-18T10:52:25","date_gmt":"2014-03-18T09:52:25","guid":{"rendered":"http:\/\/www.spd-trier-land.de\/?p=313"},"modified":"2014-09-30T18:06:15","modified_gmt":"2014-09-30T16:06:15","slug":"kandidaten-fuer-trier-land","status":"publish","type":"post","link":"https:\/\/www.spd-trier-land.de\/?p=313","title":{"rendered":"Kandidaten f\u00fcr Trier-Land"},"content":{"rendered":"<p>Am 11.03.2014 hat der SPD-Gemeindeverband Trier-Land seine Kandidatinnen und Kandidaten f\u00fcr die Verbandsgemeinderatswahl Trier-Land auf einer Mitgliederversammlung\u00a0gew\u00e4hlt. Die Liste wird angef\u00fchrt vom Fraktionsvorsitzenden Edgar Schmitt aus Zemmer.<br \/>\n<!--more--><\/p>\n<p>Auf den weiteren Pl\u00e4tzen wurden f\u00fcr den VG-Rat folgende Bewerber gew\u00e4hlt: Bernhard Hoffmann (Sirzenich), Dominik Matter (Newel), Ursula Stattrop (Kordel), Reinhold Kiemen (Igel), Peter Bruns (Langsur), Johann Abts (Welschbillig), Peter Gail (Franzenheim), Renate P\u00e4ulgen (Newel), Dominik Schuh (Zemmer), Rainer Gierten (Trierweiler), Dorothea Gores (Igel), J\u00f6rg L\u00fcdeking (Kordel), Timo Hallmann (Langsur), Oswald Trierweiler (Welschbillig), Carsten Wollscheid (Zemmer), Alexandra Fischer-Horn (Trierweiler), Gertie Kiesmann (Hockweiler), Stefan Bins (Newel), Peter M\u00fcller (Kordel), Willem Flinkert (Igel), Heinz-Peter Hammes (Welschbillig), Winfried Fass (Zemmer), Dieter M\u00fcller (Trierweiler), Julia Feilen (Newel), Heiko M\u00fcller (Igel), Raimund Wirschem (Welschbillig), Harald Fusenig (Trierweiler), Matthias Bischler (Welschbillig), Karin M\u00fcller (Trierweiler), Bernhard Steil (Welschbillig), Gabi Roth (Kordel), Mirko Franken (Zemmer)<\/p>\n","protected":false},"excerpt":{"rendered":"<p>Am 11.03.2014 hat der SPD-Gemeindeverband Trier-Land seine Kandidatinnen und Kandidaten f\u00fcr die Verbandsgemeinderatswahl Trier-Land auf einer Mitgliederversammlung\u00a0gew\u00e4hlt. Die Liste wird angef\u00fchrt vom Fraktionsvorsitzenden Edgar Schmitt aus Zemmer.<\/p>\n","protected":false},"author":1,"featured_media":0,"comment_status":"closed","ping_status":"closed","sticky":false,"template":"","format":"standard","meta":{"footnotes":""},"categories":[11,12,13,4,5,8,3,9,2,7,76,73,10,6],"tags":[213,215,198,85,227],"class_list":["post-313","post","type-post","status-publish","format-standard","hentry","category-aach","category-franzenheim","category-hockweiler","category-igel","category-kordel","category-langsur","category-newel","category-ralingen","category-trier-land","category-trierweiler","category-verbandsgemeinderatswahl","category-wahlen","category-welschbillig","category-zemmer","tag-kommunalwahl","tag-spd","tag-trier-land","tag-verbandsgemeinde","tag-verbandsgemeinderatswahl"],"_links":{"self":[{"href":"https:\/\/www.spd-trier-land.de\/index.php?rest_route=\/wp\/v2\/posts\/313","targetHints":{"allow":["GET"]}}],"collection":[{"href":"https:\/\/www.spd-trier-land.de\/index.php?rest_route=\/wp\/v2\/posts"}],"about":[{"href":"https:\/\/www.spd-trier-land.de\/index.php?rest_route=\/wp\/v2\/types\/post"}],"author":[{"embeddable":true,"href":"https:\/\/www.spd-trier-land.de\/index.php?rest_route=\/wp\/v2\/users\/1"}],"replies":[{"embeddable":true,"href":"https:\/\/www.spd-trier-land.de\/index.php?rest_route=%2Fwp%2Fv2%2Fcomments&post=313"}],"version-history":[{"count":1,"href":"https:\/\/www.spd-trier-land.de\/index.php?rest_route=\/wp\/v2\/posts\/313\/revisions"}],"predecessor-version":[{"id":314,"href":"https:\/\/www.spd-trier-land.de\/index.php?rest_route=\/wp\/v2\/posts\/313\/revisions\/314"}],"wp:attachment":[{"href":"https:\/\/www.spd-trier-land.de\/index.php?rest_route=%2Fwp%2Fv2%2Fmedia&parent=313"}],"wp:term":[{"taxonomy":"category","embeddable":true,"href":"https:\/\/www.spd-trier-land.de\/index.php?rest_route=%2Fwp%2Fv2%2Fcategories&post=313"},{"taxonomy":"post_tag","embeddable":true,"href":"https:\/\/www.spd-trier-land.de\/index.php?rest_route=%2Fwp%2Fv2%2Ftags&post=313"}],"curies":[{"name":"wp","href":"https:\/\/api.w.org\/{rel}","templated":true}]}}