{"id":324,"date":"2014-04-03T23:19:07","date_gmt":"2014-04-03T21:19:07","guid":{"rendered":"http:\/\/www.spd-trier-land.de\/?p=324"},"modified":"2014-09-30T18:05:52","modified_gmt":"2014-09-30T16:05:52","slug":"ortsvorsteherkandidat-fuer-besslich","status":"publish","type":"post","link":"https:\/\/www.spd-trier-land.de\/?p=324","title":{"rendered":"Ortsvorsteherkandidat f\u00fcr Be\u00dflich"},"content":{"rendered":"<p>Auf einer Mitgliederversammlung w\u00e4hlten die SPD-Mitglieder aus Be\u00dflich den parteilosen gelernten Landwirt und Bauingenieur (FH) Thomas G\u00f6rres zum Kandidaten f\u00fcr die Ortsvorsteherwahl in Be\u00dflich.<\/p>\n","protected":false},"excerpt":{"rendered":"<p>Auf einer Mitgliederversammlung w\u00e4hlten die SPD-Mitglieder aus Be\u00dflich den parteilosen gelernten Landwirt und Bauingenieur (FH) Thomas G\u00f6rres zum Kandidaten f\u00fcr die Ortsvorsteherwahl in Be\u00dflich.<\/p>\n","protected":false},"author":1,"featured_media":0,"comment_status":"closed","ping_status":"closed","sticky":false,"template":"","format":"standard","meta":{"footnotes":""},"categories":[3,83,73],"tags":[23,89,213,201,88,215],"class_list":["post-324","post","type-post","status-publish","format-standard","hentry","category-newel","category-ortsvorsteherwahlen","category-wahlen","tag-besslich","tag-kandidat","tag-kommunalwahl","tag-newel","tag-ortsvorsteher","tag-spd"],"_links":{"self":[{"href":"https:\/\/www.spd-trier-land.de\/index.php?rest_route=\/wp\/v2\/posts\/324","targetHints":{"allow":["GET"]}}],"collection":[{"href":"https:\/\/www.spd-trier-land.de\/index.php?rest_route=\/wp\/v2\/posts"}],"about":[{"href":"https:\/\/www.spd-trier-land.de\/index.php?rest_route=\/wp\/v2\/types\/post"}],"author":[{"embeddable":true,"href":"https:\/\/www.spd-trier-land.de\/index.php?rest_route=\/wp\/v2\/users\/1"}],"replies":[{"embeddable":true,"href":"https:\/\/www.spd-trier-land.de\/index.php?rest_route=%2Fwp%2Fv2%2Fcomments&post=324"}],"version-history":[{"count":1,"href":"https:\/\/www.spd-trier-land.de\/index.php?rest_route=\/wp\/v2\/posts\/324\/revisions"}],"predecessor-version":[{"id":325,"href":"https:\/\/www.spd-trier-land.de\/index.php?rest_route=\/wp\/v2\/posts\/324\/revisions\/325"}],"wp:attachment":[{"href":"https:\/\/www.spd-trier-land.de\/index.php?rest_route=%2Fwp%2Fv2%2Fmedia&parent=324"}],"wp:term":[{"taxonomy":"category","embeddable":true,"href":"https:\/\/www.spd-trier-land.de\/index.php?rest_route=%2Fwp%2Fv2%2Fcategories&post=324"},{"taxonomy":"post_tag","embeddable":true,"href":"https:\/\/www.spd-trier-land.de\/index.php?rest_route=%2Fwp%2Fv2%2Ftags&post=324"}],"curies":[{"name":"wp","href":"https:\/\/api.w.org\/{rel}","templated":true}]}}