{"id":335,"date":"2014-04-06T23:01:43","date_gmt":"2014-04-06T21:01:43","guid":{"rendered":"http:\/\/www.spd-trier-land.de\/?p=335"},"modified":"2014-09-30T18:05:44","modified_gmt":"2014-09-30T16:05:44","slug":"vorwaerts-mit-dominik-matter","status":"publish","type":"post","link":"https:\/\/www.spd-trier-land.de\/?p=335","title":{"rendered":"VORW\u00c4RTS! mit Dominik Matter"},"content":{"rendered":"<p>Dominik Matter wurde von der SPD Newel als Ortsb\u00fcrgermeisterkandidat nominiert. Er ist 34 Jahre alt, verheiratet und Vater einer zweij\u00e4hrigen Tochter. Er wohnt mit seiner Familie in Be\u00dflich und arbeitet als Polizeihauptkommissar beim Polizeipr\u00e4sidium Koblenz.<\/p>\n<p>Seit 1997 engagiert er sich in der Kommunalpolitik und vertritt die B\u00fcrger der Gemeinde Newel im Verbandsgemeinderat Trier-Land.<\/p>\n<p>Ziele f\u00fcr die kommenden f\u00fcnf Jahre sind eine gr\u00f6\u00dfere B\u00fcrgerbeteiligung und eine aktive Gemeinde vor allem in den Bereichen Infrastruktur und Gewerbe, Klimaschutz und Energiewende. Die Gemeinde muss sich selbstbewusst dem demografischen Wandel stellen und darf nicht wie bisher als Zuschauer jede M\u00f6glichkeit einer Weiterentwicklung an sich vor\u00fcberziehen lassen. Es muss jetzt wieder vorw\u00e4rts gehen!<\/p>\n","protected":false},"excerpt":{"rendered":"<p>Dominik Matter wurde von der SPD Newel als Ortsb\u00fcrgermeisterkandidat nominiert. Er ist 34 Jahre alt, verheiratet und Vater einer zweij\u00e4hrigen Tochter. Er wohnt mit seiner Familie in Be\u00dflich und arbeitet als Polizeihauptkommissar beim Polizeipr\u00e4sidium Koblenz. Seit 1997 engagiert er sich in der Kommunalpolitik und vertritt die B\u00fcrger der Gemeinde Newel im Verbandsgemeinderat Trier-Land. Ziele f\u00fcr [&hellip;]<\/p>\n","protected":false},"author":1,"featured_media":336,"comment_status":"closed","ping_status":"closed","sticky":false,"template":"","format":"standard","meta":{"footnotes":""},"categories":[3,82,73],"tags":[96,89,201,215],"class_list":["post-335","post","type-post","status-publish","format-standard","has-post-thumbnail","hentry","category-newel","category-ortsbuergermeisterwahlen","category-wahlen","tag-dominik-matter","tag-kandidat","tag-newel","tag-spd"],"_links":{"self":[{"href":"https:\/\/www.spd-trier-land.de\/index.php?rest_route=\/wp\/v2\/posts\/335","targetHints":{"allow":["GET"]}}],"collection":[{"href":"https:\/\/www.spd-trier-land.de\/index.php?rest_route=\/wp\/v2\/posts"}],"about":[{"href":"https:\/\/www.spd-trier-land.de\/index.php?rest_route=\/wp\/v2\/types\/post"}],"author":[{"embeddable":true,"href":"https:\/\/www.spd-trier-land.de\/index.php?rest_route=\/wp\/v2\/users\/1"}],"replies":[{"embeddable":true,"href":"https:\/\/www.spd-trier-land.de\/index.php?rest_route=%2Fwp%2Fv2%2Fcomments&post=335"}],"version-history":[{"count":1,"href":"https:\/\/www.spd-trier-land.de\/index.php?rest_route=\/wp\/v2\/posts\/335\/revisions"}],"predecessor-version":[{"id":337,"href":"https:\/\/www.spd-trier-land.de\/index.php?rest_route=\/wp\/v2\/posts\/335\/revisions\/337"}],"wp:featuredmedia":[{"embeddable":true,"href":"https:\/\/www.spd-trier-land.de\/index.php?rest_route=\/wp\/v2\/media\/336"}],"wp:attachment":[{"href":"https:\/\/www.spd-trier-land.de\/index.php?rest_route=%2Fwp%2Fv2%2Fmedia&parent=335"}],"wp:term":[{"taxonomy":"category","embeddable":true,"href":"https:\/\/www.spd-trier-land.de\/index.php?rest_route=%2Fwp%2Fv2%2Fcategories&post=335"},{"taxonomy":"post_tag","embeddable":true,"href":"https:\/\/www.spd-trier-land.de\/index.php?rest_route=%2Fwp%2Fv2%2Ftags&post=335"}],"curies":[{"name":"wp","href":"https:\/\/api.w.org\/{rel}","templated":true}]}}