{"id":348,"date":"2014-04-10T08:00:29","date_gmt":"2014-04-10T06:00:29","guid":{"rendered":"http:\/\/www.spd-trier-land.de\/?p=348"},"modified":"2014-09-30T18:01:58","modified_gmt":"2014-09-30T16:01:58","slug":"ortsvorsteherkandidat-thomas-goerres-fuer-besslich","status":"publish","type":"post","link":"https:\/\/www.spd-trier-land.de\/?p=348","title":{"rendered":"Ortsvorsteherkandidat Thomas G\u00f6rres f\u00fcr Be\u00dflich"},"content":{"rendered":"<p>Als Ortsvorsteher f\u00fcr Be\u00dflich kandidiert Thomas G\u00f6rres. Der gelernte Landwirt und \u00a0Bauingenieur tritt als parteiloser erstmals f\u00fcr die SPD an. Wichtig f\u00fcr die<br \/>\nkommenden f\u00fcnf Jahre sind ihm insbesondere eine gr\u00f6\u00dfere B\u00fcrgerbeteiligung und Transparenz, wodurch die Be\u00dflicher st\u00e4rker in die Entscheidungsprozesse<br \/>\nmit eingebunden werden. Schenken Sie ihm Ihr Vertrauen!<\/p>\n","protected":false},"excerpt":{"rendered":"<p>Als Ortsvorsteher f\u00fcr Be\u00dflich kandidiert Thomas G\u00f6rres. Der gelernte Landwirt und \u00a0Bauingenieur tritt als parteiloser erstmals f\u00fcr die SPD an. Wichtig f\u00fcr die kommenden f\u00fcnf Jahre sind ihm insbesondere eine gr\u00f6\u00dfere B\u00fcrgerbeteiligung und Transparenz, wodurch die Be\u00dflicher st\u00e4rker in die Entscheidungsprozesse mit eingebunden werden. Schenken Sie ihm Ihr Vertrauen!<\/p>\n","protected":false},"author":1,"featured_media":0,"comment_status":"closed","ping_status":"closed","sticky":false,"template":"","format":"standard","meta":{"footnotes":""},"categories":[3,83,73],"tags":[23,89,88,215,101],"class_list":["post-348","post","type-post","status-publish","format-standard","hentry","category-newel","category-ortsvorsteherwahlen","category-wahlen","tag-besslich","tag-kandidat","tag-ortsvorsteher","tag-spd","tag-thomas-goerres"],"_links":{"self":[{"href":"https:\/\/www.spd-trier-land.de\/index.php?rest_route=\/wp\/v2\/posts\/348","targetHints":{"allow":["GET"]}}],"collection":[{"href":"https:\/\/www.spd-trier-land.de\/index.php?rest_route=\/wp\/v2\/posts"}],"about":[{"href":"https:\/\/www.spd-trier-land.de\/index.php?rest_route=\/wp\/v2\/types\/post"}],"author":[{"embeddable":true,"href":"https:\/\/www.spd-trier-land.de\/index.php?rest_route=\/wp\/v2\/users\/1"}],"replies":[{"embeddable":true,"href":"https:\/\/www.spd-trier-land.de\/index.php?rest_route=%2Fwp%2Fv2%2Fcomments&post=348"}],"version-history":[{"count":2,"href":"https:\/\/www.spd-trier-land.de\/index.php?rest_route=\/wp\/v2\/posts\/348\/revisions"}],"predecessor-version":[{"id":350,"href":"https:\/\/www.spd-trier-land.de\/index.php?rest_route=\/wp\/v2\/posts\/348\/revisions\/350"}],"wp:attachment":[{"href":"https:\/\/www.spd-trier-land.de\/index.php?rest_route=%2Fwp%2Fv2%2Fmedia&parent=348"}],"wp:term":[{"taxonomy":"category","embeddable":true,"href":"https:\/\/www.spd-trier-land.de\/index.php?rest_route=%2Fwp%2Fv2%2Fcategories&post=348"},{"taxonomy":"post_tag","embeddable":true,"href":"https:\/\/www.spd-trier-land.de\/index.php?rest_route=%2Fwp%2Fv2%2Ftags&post=348"}],"curies":[{"name":"wp","href":"https:\/\/api.w.org\/{rel}","templated":true}]}}