{"id":351,"date":"2014-04-11T06:00:01","date_gmt":"2014-04-11T04:00:01","guid":{"rendered":"http:\/\/www.spd-trier-land.de\/?p=351"},"modified":"2014-09-30T18:02:09","modified_gmt":"2014-09-30T16:02:09","slug":"energie-umwelt-und-klimaschutz","status":"publish","type":"post","link":"https:\/\/www.spd-trier-land.de\/?p=351","title":{"rendered":"Energie, Umwelt- und Klimaschutz"},"content":{"rendered":"<p>Im Bereich des Klimaschutzes ist in der Gemeinde Newel bislang wenig passiert, doch Klimaschutz beginnt immer vor Ort. Wir m\u00f6chten f\u00fcr die Gemeinde einen Energiebeirat einrichten, sowie mehr tun, als nur Gl\u00fchbirnen austauschen. Im Gemeindehaus in Newel wurde bereits viel getan. Aber was ist z.B. mit Stra\u00dfenbeleuchtung und der Gewinnung von regenerativer Energie. Windr\u00e4der wie in Trierweiler und Welschbillig wird es bei uns nicht geben, daf\u00fcr sind unsere Fl\u00e4chen nicht geeignet. Doch auch wir brauchen Strom. Dar\u00fcber m\u00fcssen wir reden!<!--more--><\/p>\n<p>Was halten Sie von Streuobstwiesen, die ein anerkanntes und gef\u00f6rdertes Kulturgut in der Eifel sind? Oder die Begr\u00fcnung von Stra\u00dfenr\u00e4ndern mit Wildblumen? Alles ist m\u00f6glich und f\u00f6rderbar, d.h. mit wenig (finanziellem) Aufwand zu erreichen. Packen wir es an.<\/p>\n","protected":false},"excerpt":{"rendered":"<p>Im Bereich des Klimaschutzes ist in der Gemeinde Newel bislang wenig passiert, doch Klimaschutz beginnt immer vor Ort. Wir m\u00f6chten f\u00fcr die Gemeinde einen Energiebeirat einrichten, sowie mehr tun, als nur Gl\u00fchbirnen austauschen. Im Gemeindehaus in Newel wurde bereits viel getan. Aber was ist z.B. mit Stra\u00dfenbeleuchtung und der Gewinnung von regenerativer Energie. Windr\u00e4der wie [&hellip;]<\/p>\n","protected":false},"author":1,"featured_media":0,"comment_status":"closed","ping_status":"closed","sticky":false,"template":"","format":"standard","meta":{"footnotes":""},"categories":[74,3],"tags":[109,104,107,201,108,105,106,110],"class_list":["post-351","post","type-post","status-publish","format-standard","hentry","category-gemeinderatswahlen","category-newel","tag-eifel","tag-energie","tag-klimaschutz","tag-newel","tag-streuobstwiese","tag-strom","tag-umwelt","tag-wildblumen"],"_links":{"self":[{"href":"https:\/\/www.spd-trier-land.de\/index.php?rest_route=\/wp\/v2\/posts\/351","targetHints":{"allow":["GET"]}}],"collection":[{"href":"https:\/\/www.spd-trier-land.de\/index.php?rest_route=\/wp\/v2\/posts"}],"about":[{"href":"https:\/\/www.spd-trier-land.de\/index.php?rest_route=\/wp\/v2\/types\/post"}],"author":[{"embeddable":true,"href":"https:\/\/www.spd-trier-land.de\/index.php?rest_route=\/wp\/v2\/users\/1"}],"replies":[{"embeddable":true,"href":"https:\/\/www.spd-trier-land.de\/index.php?rest_route=%2Fwp%2Fv2%2Fcomments&post=351"}],"version-history":[{"count":2,"href":"https:\/\/www.spd-trier-land.de\/index.php?rest_route=\/wp\/v2\/posts\/351\/revisions"}],"predecessor-version":[{"id":353,"href":"https:\/\/www.spd-trier-land.de\/index.php?rest_route=\/wp\/v2\/posts\/351\/revisions\/353"}],"wp:attachment":[{"href":"https:\/\/www.spd-trier-land.de\/index.php?rest_route=%2Fwp%2Fv2%2Fmedia&parent=351"}],"wp:term":[{"taxonomy":"category","embeddable":true,"href":"https:\/\/www.spd-trier-land.de\/index.php?rest_route=%2Fwp%2Fv2%2Fcategories&post=351"},{"taxonomy":"post_tag","embeddable":true,"href":"https:\/\/www.spd-trier-land.de\/index.php?rest_route=%2Fwp%2Fv2%2Ftags&post=351"}],"curies":[{"name":"wp","href":"https:\/\/api.w.org\/{rel}","templated":true}]}}