{"id":364,"date":"2014-04-27T08:00:28","date_gmt":"2014-04-27T06:00:28","guid":{"rendered":"http:\/\/www.spd-trier-land.de\/?p=364"},"modified":"2014-09-30T18:02:39","modified_gmt":"2014-09-30T16:02:39","slug":"gewerbeentwicklung-fuer-newel","status":"publish","type":"post","link":"https:\/\/www.spd-trier-land.de\/?p=364","title":{"rendered":"Gewerbeentwicklung f\u00fcr Newel"},"content":{"rendered":"<hr \/>\n<p style=\"margin: 6pt 0cm;\"><span><span style=\"color: #000000;\"><span style=\"font-size: medium;\">Die Entwicklung von Gewerbe und Gewerbefl\u00e4chen ist in der Gemeinde Newel ins Stocken geraten. Letzte gewerbetechnisch interessante Entwicklung war die Gr\u00fcndung des Gewerbevereins Nova Villa e.V. im Jahr 2005. Wir m\u00f6chten f\u00fcr die kommenden Jahre, dass die Gemeinde Newel wieder in der Lage ist, Gewerbe in der Gemeinde anzusiedeln oder heimischen Unternehmern Platz zur Fortentwicklung zu bieten. Fokus sollte dabei auf der Machbarkeit und der z\u00fcgigen Umsetzung liegen. Wir werden jede M\u00f6glichkeit der Konversion des ehem. Raketengel\u00e4ndes in Butzweiler oder von Fl\u00e4chen entlang der B51 nach Kr\u00e4ften st\u00fctzen.<\/span><\/span><\/span><\/p>\n","protected":false},"excerpt":{"rendered":"<p>Die Entwicklung von Gewerbe und Gewerbefl\u00e4chen ist in der Gemeinde Newel ins Stocken geraten. Letzte gewerbetechnisch interessante Entwicklung war die Gr\u00fcndung des Gewerbevereins Nova Villa e.V. im Jahr 2005. Wir m\u00f6chten f\u00fcr die kommenden Jahre, dass die Gemeinde Newel wieder in der Lage ist, Gewerbe in der Gemeinde anzusiedeln oder heimischen Unternehmern Platz zur Fortentwicklung [&hellip;]<\/p>\n","protected":false},"author":1,"featured_media":0,"comment_status":"closed","ping_status":"closed","sticky":false,"template":"","format":"standard","meta":{"footnotes":""},"categories":[3],"tags":[27,114,116,111,201,115],"class_list":["post-364","post","type-post","status-publish","format-standard","hentry","category-newel","tag-butzweiler","tag-gewerbegebiet","tag-konversion","tag-nato","tag-newel","tag-raketengelaende"],"_links":{"self":[{"href":"https:\/\/www.spd-trier-land.de\/index.php?rest_route=\/wp\/v2\/posts\/364","targetHints":{"allow":["GET"]}}],"collection":[{"href":"https:\/\/www.spd-trier-land.de\/index.php?rest_route=\/wp\/v2\/posts"}],"about":[{"href":"https:\/\/www.spd-trier-land.de\/index.php?rest_route=\/wp\/v2\/types\/post"}],"author":[{"embeddable":true,"href":"https:\/\/www.spd-trier-land.de\/index.php?rest_route=\/wp\/v2\/users\/1"}],"replies":[{"embeddable":true,"href":"https:\/\/www.spd-trier-land.de\/index.php?rest_route=%2Fwp%2Fv2%2Fcomments&post=364"}],"version-history":[{"count":1,"href":"https:\/\/www.spd-trier-land.de\/index.php?rest_route=\/wp\/v2\/posts\/364\/revisions"}],"predecessor-version":[{"id":365,"href":"https:\/\/www.spd-trier-land.de\/index.php?rest_route=\/wp\/v2\/posts\/364\/revisions\/365"}],"wp:attachment":[{"href":"https:\/\/www.spd-trier-land.de\/index.php?rest_route=%2Fwp%2Fv2%2Fmedia&parent=364"}],"wp:term":[{"taxonomy":"category","embeddable":true,"href":"https:\/\/www.spd-trier-land.de\/index.php?rest_route=%2Fwp%2Fv2%2Fcategories&post=364"},{"taxonomy":"post_tag","embeddable":true,"href":"https:\/\/www.spd-trier-land.de\/index.php?rest_route=%2Fwp%2Fv2%2Ftags&post=364"}],"curies":[{"name":"wp","href":"https:\/\/api.w.org\/{rel}","templated":true}]}}