{"id":366,"date":"2014-04-28T08:00:15","date_gmt":"2014-04-28T06:00:15","guid":{"rendered":"http:\/\/www.spd-trier-land.de\/?p=366"},"modified":"2014-09-30T18:02:53","modified_gmt":"2014-09-30T16:02:53","slug":"wege-und-strassen","status":"publish","type":"post","link":"https:\/\/www.spd-trier-land.de\/?p=366","title":{"rendered":"Wege und Stra\u00dfen"},"content":{"rendered":"<p>Die Landes- und Kreisstra\u00dfen rund um unsere Gemeinde wurden in den letzten Jahren weitestgehend in Stand gesetzt. Wir setzen uns daf\u00fcr ein, dass auch die Ortsdurchfahrt in Butzweiler, sowie die Verbindung von Be\u00dflich nach Aach instand gesetzt wird. Au\u00dferdem sollten durch Rad- und Fu\u00dfwege, zwischen den Ortsteilen und nach Aach, M\u00f6glichkeiten geschaffen werden, sich sicher zu bewegen. Wir leben in Wohngemeinden und dazu geh\u00f6rt es auch, dass man mehr Freizeitangebote durch begehbare Rund- und Wanderwege in Ortsn\u00e4he schafft. Die Entwicklung von Wanderwegen sollte dabei mit einbezogen werden.<\/p>\n","protected":false},"excerpt":{"rendered":"<p>Die Landes- und Kreisstra\u00dfen rund um unsere Gemeinde wurden in den letzten Jahren weitestgehend in Stand gesetzt. Wir setzen uns daf\u00fcr ein, dass auch die Ortsdurchfahrt in Butzweiler, sowie die Verbindung von Be\u00dflich nach Aach instand gesetzt wird. Au\u00dferdem sollten durch Rad- und Fu\u00dfwege, zwischen den Ortsteilen und nach Aach, M\u00f6glichkeiten geschaffen werden, sich sicher [&hellip;]<\/p>\n","protected":false},"author":1,"featured_media":0,"comment_status":"closed","ping_status":"closed","sticky":false,"template":"","format":"standard","meta":{"footnotes":""},"categories":[3],"tags":[],"class_list":["post-366","post","type-post","status-publish","format-standard","hentry","category-newel"],"_links":{"self":[{"href":"https:\/\/www.spd-trier-land.de\/index.php?rest_route=\/wp\/v2\/posts\/366","targetHints":{"allow":["GET"]}}],"collection":[{"href":"https:\/\/www.spd-trier-land.de\/index.php?rest_route=\/wp\/v2\/posts"}],"about":[{"href":"https:\/\/www.spd-trier-land.de\/index.php?rest_route=\/wp\/v2\/types\/post"}],"author":[{"embeddable":true,"href":"https:\/\/www.spd-trier-land.de\/index.php?rest_route=\/wp\/v2\/users\/1"}],"replies":[{"embeddable":true,"href":"https:\/\/www.spd-trier-land.de\/index.php?rest_route=%2Fwp%2Fv2%2Fcomments&post=366"}],"version-history":[{"count":1,"href":"https:\/\/www.spd-trier-land.de\/index.php?rest_route=\/wp\/v2\/posts\/366\/revisions"}],"predecessor-version":[{"id":367,"href":"https:\/\/www.spd-trier-land.de\/index.php?rest_route=\/wp\/v2\/posts\/366\/revisions\/367"}],"wp:attachment":[{"href":"https:\/\/www.spd-trier-land.de\/index.php?rest_route=%2Fwp%2Fv2%2Fmedia&parent=366"}],"wp:term":[{"taxonomy":"category","embeddable":true,"href":"https:\/\/www.spd-trier-land.de\/index.php?rest_route=%2Fwp%2Fv2%2Fcategories&post=366"},{"taxonomy":"post_tag","embeddable":true,"href":"https:\/\/www.spd-trier-land.de\/index.php?rest_route=%2Fwp%2Fv2%2Ftags&post=366"}],"curies":[{"name":"wp","href":"https:\/\/api.w.org\/{rel}","templated":true}]}}