{"id":370,"date":"2014-05-01T08:00:35","date_gmt":"2014-05-01T06:00:35","guid":{"rendered":"http:\/\/www.spd-trier-land.de\/?p=370"},"modified":"2014-09-30T18:03:23","modified_gmt":"2014-09-30T16:03:23","slug":"bauen-in-newel","status":"publish","type":"post","link":"https:\/\/www.spd-trier-land.de\/?p=370","title":{"rendered":"Bauen in Newel"},"content":{"rendered":"<p style=\"margin: 0cm 0cm 3pt;\"><span style=\"color: #000000; font-family: SPD 2002 TheSans; font-size: medium;\">In der Feldstra\u00dfe im Ortsteil Newel kann, nachdem der Gemeinderat die Klarstellungs- und Erg\u00e4nzungssatzung beschlossen hat, gebaut werden. Nach zwei Legislaturperioden unter Ortsb\u00fcrgermeister Matthias Mohn ist zu guter Letzt ein Baugebiet mit immerhin vier Baustellen in der Gemeinde entstanden. Dass der amtierende Ortsb\u00fcrgermeister auch Eigent\u00fcmer der Grundst\u00fccke ist, lassen wir an dieser Stelle unkommentiert.<\/span><\/p>\n","protected":false},"excerpt":{"rendered":"<p>In der Feldstra\u00dfe im Ortsteil Newel kann, nachdem der Gemeinderat die Klarstellungs- und Erg\u00e4nzungssatzung beschlossen hat, gebaut werden. Nach zwei Legislaturperioden unter Ortsb\u00fcrgermeister Matthias Mohn ist zu guter Letzt ein Baugebiet mit immerhin vier Baustellen in der Gemeinde entstanden. Dass der amtierende Ortsb\u00fcrgermeister auch Eigent\u00fcmer der Grundst\u00fccke ist, lassen wir an dieser Stelle unkommentiert.<\/p>\n","protected":false},"author":1,"featured_media":0,"comment_status":"closed","ping_status":"closed","sticky":false,"template":"","format":"standard","meta":{"footnotes":""},"categories":[3],"tags":[120,19,27,119,201,215],"class_list":["post-370","post","type-post","status-publish","format-standard","hentry","category-newel","tag-bauen","tag-baugebiet","tag-butzweiler","tag-feldstrasse","tag-newel","tag-spd"],"_links":{"self":[{"href":"https:\/\/www.spd-trier-land.de\/index.php?rest_route=\/wp\/v2\/posts\/370","targetHints":{"allow":["GET"]}}],"collection":[{"href":"https:\/\/www.spd-trier-land.de\/index.php?rest_route=\/wp\/v2\/posts"}],"about":[{"href":"https:\/\/www.spd-trier-land.de\/index.php?rest_route=\/wp\/v2\/types\/post"}],"author":[{"embeddable":true,"href":"https:\/\/www.spd-trier-land.de\/index.php?rest_route=\/wp\/v2\/users\/1"}],"replies":[{"embeddable":true,"href":"https:\/\/www.spd-trier-land.de\/index.php?rest_route=%2Fwp%2Fv2%2Fcomments&post=370"}],"version-history":[{"count":1,"href":"https:\/\/www.spd-trier-land.de\/index.php?rest_route=\/wp\/v2\/posts\/370\/revisions"}],"predecessor-version":[{"id":371,"href":"https:\/\/www.spd-trier-land.de\/index.php?rest_route=\/wp\/v2\/posts\/370\/revisions\/371"}],"wp:attachment":[{"href":"https:\/\/www.spd-trier-land.de\/index.php?rest_route=%2Fwp%2Fv2%2Fmedia&parent=370"}],"wp:term":[{"taxonomy":"category","embeddable":true,"href":"https:\/\/www.spd-trier-land.de\/index.php?rest_route=%2Fwp%2Fv2%2Fcategories&post=370"},{"taxonomy":"post_tag","embeddable":true,"href":"https:\/\/www.spd-trier-land.de\/index.php?rest_route=%2Fwp%2Fv2%2Ftags&post=370"}],"curies":[{"name":"wp","href":"https:\/\/api.w.org\/{rel}","templated":true}]}}