{"id":419,"date":"2014-05-20T10:23:35","date_gmt":"2014-05-20T08:23:35","guid":{"rendered":"http:\/\/www.spd-trier-land.de\/?p=419"},"modified":"2014-09-30T18:04:15","modified_gmt":"2014-09-30T16:04:15","slug":"fideia-schaeaelemaan-mai-2014-zur-kommunalwahl","status":"publish","type":"post","link":"https:\/\/www.spd-trier-land.de\/?p=419","title":{"rendered":"Fideia Sch\u00e4\u00e4lemaan Mai 2014 zur Kommunalwahl"},"content":{"rendered":"<p>Der Ortsverein Zemmer umfa\u00dft die Gemeinde Zemmer (mit den Ortsbezirken Zemmer, Schleidweiler, Rodt und Daufenbach)<\/p>\n<p>Er gibt regelm\u00e4\u00dfig die Ortsvereinszeitung &#8222;Fideia Sch\u00e4\u00e4lemaan&#8220; heraus.<\/p>\n<p>Sollten Sie eine Ausgabe nicht erhalten haben, k\u00f6nnen Sie\u00a0sie hier als Download herunterladen.<\/p>\n<p>Fideia Sch\u00e4\u00e4lemaan &#8211; Ausgabe Mai 2014<\/p>\n<p><a href=\"http:\/\/www.spd-trier-land.de\/wp-content\/uploads\/2014\/05\/Fideia_Sch\u00e4\u00e4lemaan_Mai2014web.pdf\">Fideia_Sch\u00e4\u00e4lemaan_Mai2014<\/a><\/p>\n<p>&nbsp;<\/p>\n","protected":false},"excerpt":{"rendered":"<p>Der Ortsverein Zemmer umfa\u00dft die Gemeinde Zemmer (mit den Ortsbezirken Zemmer, Schleidweiler, Rodt und Daufenbach) Er gibt regelm\u00e4\u00dfig die Ortsvereinszeitung &#8222;Fideia Sch\u00e4\u00e4lemaan&#8220; heraus. Sollten Sie eine Ausgabe nicht erhalten haben, k\u00f6nnen Sie\u00a0sie hier als Download herunterladen. Fideia Sch\u00e4\u00e4lemaan &#8211; Ausgabe Mai 2014 Fideia_Sch\u00e4\u00e4lemaan_Mai2014 &nbsp;<\/p>\n","protected":false},"author":1,"featured_media":291,"comment_status":"closed","ping_status":"closed","sticky":false,"template":"","format":"standard","meta":{"footnotes":""},"categories":[50,74,75,73,48,6],"tags":[218,93,213,215,207],"class_list":["post-419","post","type-post","status-publish","format-standard","has-post-thumbnail","hentry","category-fideia-schaeaelemaan","category-gemeinderatswahlen","category-ortsbeiratswahlen","category-wahlen","category-zeitungen","category-zemmer","tag-fideia-schaeaelemaan","tag-kandidaten","tag-kommunalwahl","tag-spd","tag-zemmer"],"_links":{"self":[{"href":"https:\/\/www.spd-trier-land.de\/index.php?rest_route=\/wp\/v2\/posts\/419","targetHints":{"allow":["GET"]}}],"collection":[{"href":"https:\/\/www.spd-trier-land.de\/index.php?rest_route=\/wp\/v2\/posts"}],"about":[{"href":"https:\/\/www.spd-trier-land.de\/index.php?rest_route=\/wp\/v2\/types\/post"}],"author":[{"embeddable":true,"href":"https:\/\/www.spd-trier-land.de\/index.php?rest_route=\/wp\/v2\/users\/1"}],"replies":[{"embeddable":true,"href":"https:\/\/www.spd-trier-land.de\/index.php?rest_route=%2Fwp%2Fv2%2Fcomments&post=419"}],"version-history":[{"count":1,"href":"https:\/\/www.spd-trier-land.de\/index.php?rest_route=\/wp\/v2\/posts\/419\/revisions"}],"predecessor-version":[{"id":420,"href":"https:\/\/www.spd-trier-land.de\/index.php?rest_route=\/wp\/v2\/posts\/419\/revisions\/420"}],"wp:featuredmedia":[{"embeddable":true,"href":"https:\/\/www.spd-trier-land.de\/index.php?rest_route=\/wp\/v2\/media\/291"}],"wp:attachment":[{"href":"https:\/\/www.spd-trier-land.de\/index.php?rest_route=%2Fwp%2Fv2%2Fmedia&parent=419"}],"wp:term":[{"taxonomy":"category","embeddable":true,"href":"https:\/\/www.spd-trier-land.de\/index.php?rest_route=%2Fwp%2Fv2%2Fcategories&post=419"},{"taxonomy":"post_tag","embeddable":true,"href":"https:\/\/www.spd-trier-land.de\/index.php?rest_route=%2Fwp%2Fv2%2Ftags&post=419"}],"curies":[{"name":"wp","href":"https:\/\/api.w.org\/{rel}","templated":true}]}}