{"id":449,"date":"2014-12-17T13:31:11","date_gmt":"2014-12-17T12:31:11","guid":{"rendered":"http:\/\/www.spd-trier-land.de\/?p=449"},"modified":"2014-12-20T21:48:48","modified_gmt":"2014-12-20T20:48:48","slug":"kundgebung-gefluechtete-seid-willkommen-in-euren-ist-kein-platz-fuer-rassistische-hetze","status":"publish","type":"post","link":"https:\/\/www.spd-trier-land.de\/?p=449","title":{"rendered":"Kundgebung: Gefl\u00fcchtete seid Willkommen! In Euren ist kein Platz f\u00fcr rassistische Hetze!"},"content":{"rendered":"<p>Am Freitag plant die NPD ihre menschenverachtende Hetzte gegen Fl\u00fcchtlinge in Euren zu verbreiten. Die NPD hofft wohl, die Eurenerinnen und Eurener f\u00fcr ihre Zwecke missbrauchen zu k\u00f6nnen. Dem wollen wir eine klare und deutliche Absage erteilen. Alle Eurenerinnen und Eurener und alle anderen Menschen in Trier und Umgebung rufen wir auf, den Nazis deutlich zu zeigen, dass dieser Versuch auf heftigen Widerstand st\u00f6\u00dft.<\/p>\n<p>Wir wissen: kein Mensch flieht freiwillig, es gilt Fluchtursachen zu bek\u00e4mpfen und nicht Fl\u00fcchtlinge! Wir sagen: Bei uns sind Menschen, die fl\u00fcchten mussten, herzlich willkommen! Wir erleben sie als menschliche und kulturelle Bereicherung!<\/p>\n<p>Wir lassen uns nicht von der NPD und anderen Rassisten hinters Licht f\u00fchren! Fl\u00fcchtende Menschen sind nicht die Ursache f\u00fcr die Probleme, die es in dieser Stadt oder in diesem Land gibt. Statt S\u00fcndenb\u00f6cke zu suchen und gegen die Schw\u00e4chsten der Gesellschaft zu hetzen, setzen wir auf Solidarit\u00e4t und ein demokratisches Miteinander!<\/p>\n<p>Wir sind auch wachsam gegen\u00fcber den subtilen Formen von Ausgrenzung und Diskriminierung!<br \/>\nWir widersprechen deutlich einer Politik, die Fl\u00fcchtlinge und Asylsuchende zum Problem erkl\u00e4rt und rassistische Kampagnen auf dem R\u00fccken von Schutzsuchenden f\u00fchrt, anstatt ein gesellschaftliches Klima des Willkommens zu schaffen!<\/p>\n<p><strong>Ausgangspunkt des vielf\u00e4ltigen Protestes ist die Kundgebung ab 17.00 Uhr an der Sportanlage in der Eurener Stra\u00dfe \/ Im Speyer.<\/strong><\/p>\n<p>Es wird eine Demonstration des Vereins &#8222;F\u00fcr ein Buntes Trier &#8211; Gemeinsam Gegen Rechts&#8220; geben. Bitte seid dabei und zeigt Flagge!<\/p>\n","protected":false},"excerpt":{"rendered":"<p>Am Freitag plant die NPD ihre menschenverachtende Hetzte gegen Fl\u00fcchtlinge in Euren zu verbreiten. Die NPD hofft wohl, die Eurenerinnen und Eurener f\u00fcr ihre Zwecke missbrauchen zu k\u00f6nnen. Dem wollen wir eine klare und deutliche Absage erteilen. Alle Eurenerinnen und Eurener und alle anderen Menschen in Trier und Umgebung rufen wir auf, den Nazis deutlich [&hellip;]<\/p>\n","protected":false},"author":1,"featured_media":0,"comment_status":"closed","ping_status":"closed","sticky":false,"template":"","format":"standard","meta":{"footnotes":""},"categories":[2],"tags":[130],"class_list":["post-449","post","type-post","status-publish","format-standard","hentry","category-trier-land","tag-npd-euren-fluechtlinge-buntes-trier"],"_links":{"self":[{"href":"https:\/\/www.spd-trier-land.de\/index.php?rest_route=\/wp\/v2\/posts\/449","targetHints":{"allow":["GET"]}}],"collection":[{"href":"https:\/\/www.spd-trier-land.de\/index.php?rest_route=\/wp\/v2\/posts"}],"about":[{"href":"https:\/\/www.spd-trier-land.de\/index.php?rest_route=\/wp\/v2\/types\/post"}],"author":[{"embeddable":true,"href":"https:\/\/www.spd-trier-land.de\/index.php?rest_route=\/wp\/v2\/users\/1"}],"replies":[{"embeddable":true,"href":"https:\/\/www.spd-trier-land.de\/index.php?rest_route=%2Fwp%2Fv2%2Fcomments&post=449"}],"version-history":[{"count":1,"href":"https:\/\/www.spd-trier-land.de\/index.php?rest_route=\/wp\/v2\/posts\/449\/revisions"}],"predecessor-version":[{"id":450,"href":"https:\/\/www.spd-trier-land.de\/index.php?rest_route=\/wp\/v2\/posts\/449\/revisions\/450"}],"wp:attachment":[{"href":"https:\/\/www.spd-trier-land.de\/index.php?rest_route=%2Fwp%2Fv2%2Fmedia&parent=449"}],"wp:term":[{"taxonomy":"category","embeddable":true,"href":"https:\/\/www.spd-trier-land.de\/index.php?rest_route=%2Fwp%2Fv2%2Fcategories&post=449"},{"taxonomy":"post_tag","embeddable":true,"href":"https:\/\/www.spd-trier-land.de\/index.php?rest_route=%2Fwp%2Fv2%2Ftags&post=449"}],"curies":[{"name":"wp","href":"https:\/\/api.w.org\/{rel}","templated":true}]}}