{"id":461,"date":"2015-02-05T21:31:38","date_gmt":"2015-02-05T20:31:38","guid":{"rendered":"http:\/\/www.spd-trier-land.de\/?p=461"},"modified":"2015-02-19T08:11:33","modified_gmt":"2015-02-19T07:11:33","slug":"politischer-aschermittwoch","status":"publish","type":"post","link":"https:\/\/www.spd-trier-land.de\/?p=461","title":{"rendered":"Politischer Aschermittwoch"},"content":{"rendered":"<p><strong>E I N L A D U N G<\/strong><br \/>\nzum 29. traditionellen \u201e<strong>politischen Aschermittwoch<\/strong>\u201c der SPD Zemmer<br \/>\nam Mittwoch, dem 18.Februar 2015 im Gasthaus Wolter in Zemmer-Rodt<br \/>\nWir freuen uns als diesj\u00e4hrigen Gastredner zum Thema:<br \/>\nStadt und Umland<br \/>\n-Mobilit\u00e4t, Handel und Bildungen<br \/>\nzuk\u00fcnftigen Oberb\u00fcrgermeister der Stadt Trier<br \/>\n<strong>Herrn Wolfram Leibe<\/strong><br \/>\nbei unserer Veranstaltung in Zemmer-Rodt zu begr\u00fc\u00dfen.<\/p>\n<p>Ganze Einladung mit Essenshinweisen:<br \/>\n<a href=\"http:\/\/www.spd-trier-land.de\/wp-content\/uploads\/2015\/02\/Einladung-Politischer-Aschermittwoch-2015.pdf\">Einladung Politischer Aschermittwoch 2015<\/a><\/p>\n","protected":false},"excerpt":{"rendered":"<p>E I N L A D U N G zum 29. traditionellen \u201epolitischen Aschermittwoch\u201c der SPD Zemmer am Mittwoch, dem 18.Februar 2015 im Gasthaus Wolter in Zemmer-Rodt Wir freuen uns als diesj\u00e4hrigen Gastredner zum Thema: Stadt und Umland -Mobilit\u00e4t, Handel und Bildungen zuk\u00fcnftigen Oberb\u00fcrgermeister der Stadt Trier Herrn Wolfram Leibe bei unserer Veranstaltung in Zemmer-Rodt [&hellip;]<\/p>\n","protected":false},"author":1,"featured_media":267,"comment_status":"closed","ping_status":"closed","sticky":false,"template":"","format":"standard","meta":{"footnotes":""},"categories":[4,8,3,9,2,7,6],"tags":[219,215,134,133,207],"class_list":["post-461","post","type-post","status-publish","format-standard","has-post-thumbnail","hentry","category-igel","category-langsur","category-newel","category-ralingen","category-trier-land","category-trierweiler","category-zemmer","tag-politischer-aschermittwoch","tag-spd","tag-stadt-trier","tag-wolfram-leibe","tag-zemmer"],"_links":{"self":[{"href":"https:\/\/www.spd-trier-land.de\/index.php?rest_route=\/wp\/v2\/posts\/461","targetHints":{"allow":["GET"]}}],"collection":[{"href":"https:\/\/www.spd-trier-land.de\/index.php?rest_route=\/wp\/v2\/posts"}],"about":[{"href":"https:\/\/www.spd-trier-land.de\/index.php?rest_route=\/wp\/v2\/types\/post"}],"author":[{"embeddable":true,"href":"https:\/\/www.spd-trier-land.de\/index.php?rest_route=\/wp\/v2\/users\/1"}],"replies":[{"embeddable":true,"href":"https:\/\/www.spd-trier-land.de\/index.php?rest_route=%2Fwp%2Fv2%2Fcomments&post=461"}],"version-history":[{"count":1,"href":"https:\/\/www.spd-trier-land.de\/index.php?rest_route=\/wp\/v2\/posts\/461\/revisions"}],"predecessor-version":[{"id":463,"href":"https:\/\/www.spd-trier-land.de\/index.php?rest_route=\/wp\/v2\/posts\/461\/revisions\/463"}],"wp:featuredmedia":[{"embeddable":true,"href":"https:\/\/www.spd-trier-land.de\/index.php?rest_route=\/wp\/v2\/media\/267"}],"wp:attachment":[{"href":"https:\/\/www.spd-trier-land.de\/index.php?rest_route=%2Fwp%2Fv2%2Fmedia&parent=461"}],"wp:term":[{"taxonomy":"category","embeddable":true,"href":"https:\/\/www.spd-trier-land.de\/index.php?rest_route=%2Fwp%2Fv2%2Fcategories&post=461"},{"taxonomy":"post_tag","embeddable":true,"href":"https:\/\/www.spd-trier-land.de\/index.php?rest_route=%2Fwp%2Fv2%2Ftags&post=461"}],"curies":[{"name":"wp","href":"https:\/\/api.w.org\/{rel}","templated":true}]}}