{"id":471,"date":"2015-02-14T20:00:16","date_gmt":"2015-02-14T19:00:16","guid":{"rendered":"http:\/\/www.spd-trier-land.de\/?p=471"},"modified":"2015-02-05T22:02:20","modified_gmt":"2015-02-05T21:02:20","slug":"wanderwegekonzept-neue-wege-fuer-die-gemeinde","status":"publish","type":"post","link":"https:\/\/www.spd-trier-land.de\/?p=471","title":{"rendered":"Wanderwegekonzept &#8211; Neue Wege f\u00fcr die Gemeinde"},"content":{"rendered":"<p><em>von Marc Salm &#8211; parteilos<\/em><br \/>\nDie Gemeinde nimmt am Wanderwegekonzept der Verbandsgemeinde Trier-Land und des Vereins Ferienregion Trierer Land mit zwei Wanderwegen in der Gemeinde teil. Zum einen wird der in Vergessenheit geratene Vier-D\u00f6rfer-Weg reaktiviert, der Wanderer durch Butzweiler, Newel, Be\u00dflich und Lorich auf einer Runde von 16,8 km f\u00fchrt. Als Neuerung schafft die Gemeinde im Rahmen des neuen Konzepts einen Wanderweg von 10,9 km rund um Newel und Kreuzerberg, der \u00fcber Feld- und Waldwege in reizvoller Landschaft f\u00fchrt.<\/p>\n<p>Dieses Projekt wird begleitet von einem Planungsb\u00fcro, das die Wege vermessen und kartographisch erfasst hat. Dabei wurden m\u00f6gliche Standorte f\u00fcr die Beschilderung und Wegweiser festgelegt, die in der ersten Jahresh\u00e4lfte 2015 aufgestellt werden sollen.<\/p>\n<p>Zur Instandhaltung der Wege haben sich unsere ortsans\u00e4ssigen Vereine bereit erkl\u00e4rt. Die Gemeinde ist dazu verpflichtet, die Wege f\u00fcr 7 Jahre aufrecht zu erhalten, um die F\u00f6rderung im Rahmen des Programms in H\u00f6he von 55% zu erhalten. Die Gesamtkosten f\u00fcr die Gemeinde werden sich auf 3500 \u20ac belaufen, was sowohl die Beschilderung als auch die Vermarktung durch den Verein Ferienregion Trier-Land beinhaltet.<\/p>\n<p>Dies ist ein erster Schritt zur weiteren touristischen Entwicklung unserer Gemeinde und auch eine Gelegenheit f\u00fcr unsere B\u00fcrger, ihre sch\u00f6ne Heimat von einer neuen Seite zu entdecken.<\/p>\n<p>&#8212;&#8212;&#8212;&#8212;&#8212;&#8212;&#8212;&#8212;&#8212;&#8212;&#8212;&#8212;&#8212;&#8212;&#8212;&#8212;&#8211;<\/p>\n<p>Weitere Informationen zu den Wanderwegen erhalten sie bei der Touristeninformation Ferienregion Trier-Land, http:\/\/www.lux-trier.info<\/p>\n","protected":false},"excerpt":{"rendered":"<p>von Marc Salm &#8211; parteilos Die Gemeinde nimmt am Wanderwegekonzept der Verbandsgemeinde Trier-Land und des Vereins Ferienregion Trierer Land mit zwei Wanderwegen in der Gemeinde teil. Zum einen wird der in Vergessenheit geratene Vier-D\u00f6rfer-Weg reaktiviert, der Wanderer durch Butzweiler, Newel, Be\u00dflich und Lorich auf einer Runde von 16,8 km f\u00fchrt. Als Neuerung schafft die Gemeinde [&hellip;]<\/p>\n","protected":false},"author":1,"featured_media":0,"comment_status":"closed","ping_status":"closed","sticky":false,"template":"","format":"standard","meta":{"footnotes":""},"categories":[3,2],"tags":[23,27,138,137,28,139,201,198,62],"class_list":["post-471","post","type-post","status-publish","format-standard","hentry","category-newel","category-trier-land","tag-besslich","tag-butzweiler","tag-ferienregion-trier-land","tag-gemeinde","tag-lorich","tag-marc-salm","tag-newel","tag-trier-land","tag-wanderwege"],"_links":{"self":[{"href":"https:\/\/www.spd-trier-land.de\/index.php?rest_route=\/wp\/v2\/posts\/471","targetHints":{"allow":["GET"]}}],"collection":[{"href":"https:\/\/www.spd-trier-land.de\/index.php?rest_route=\/wp\/v2\/posts"}],"about":[{"href":"https:\/\/www.spd-trier-land.de\/index.php?rest_route=\/wp\/v2\/types\/post"}],"author":[{"embeddable":true,"href":"https:\/\/www.spd-trier-land.de\/index.php?rest_route=\/wp\/v2\/users\/1"}],"replies":[{"embeddable":true,"href":"https:\/\/www.spd-trier-land.de\/index.php?rest_route=%2Fwp%2Fv2%2Fcomments&post=471"}],"version-history":[{"count":1,"href":"https:\/\/www.spd-trier-land.de\/index.php?rest_route=\/wp\/v2\/posts\/471\/revisions"}],"predecessor-version":[{"id":472,"href":"https:\/\/www.spd-trier-land.de\/index.php?rest_route=\/wp\/v2\/posts\/471\/revisions\/472"}],"wp:attachment":[{"href":"https:\/\/www.spd-trier-land.de\/index.php?rest_route=%2Fwp%2Fv2%2Fmedia&parent=471"}],"wp:term":[{"taxonomy":"category","embeddable":true,"href":"https:\/\/www.spd-trier-land.de\/index.php?rest_route=%2Fwp%2Fv2%2Fcategories&post=471"},{"taxonomy":"post_tag","embeddable":true,"href":"https:\/\/www.spd-trier-land.de\/index.php?rest_route=%2Fwp%2Fv2%2Ftags&post=471"}],"curies":[{"name":"wp","href":"https:\/\/api.w.org\/{rel}","templated":true}]}}