{"id":482,"date":"2015-02-19T20:00:38","date_gmt":"2015-02-19T19:00:38","guid":{"rendered":"http:\/\/www.spd-trier-land.de\/?p=482"},"modified":"2015-02-05T22:05:22","modified_gmt":"2015-02-05T21:05:22","slug":"flaechennutzungsplan-windkraft","status":"publish","type":"post","link":"https:\/\/www.spd-trier-land.de\/?p=482","title":{"rendered":"Fl\u00e4chennutzungsplan Windkraft"},"content":{"rendered":"<p>Der neue Fl\u00e4chennutzungsplan Windkraft f\u00fcr die gesamte Verbandsgemeinde Trier-Land hat Formen angenommen. Wie der Trierische Volksfreund bereits berichtete, wurden durch den Verbandsgemeinderat Fl\u00e4chen bestimmt, auf denen keine Windr\u00e4der gebaut werden d\u00fcrfen. Auf den restlichen Fl\u00e4chen w\u00e4re dies m\u00f6glich und dort k\u00f6nnen Windr\u00e4der entstehen. Diese Fl\u00e4chen liegen jedoch alle nicht in der Gemeinde Newel. Dass wir dennoch einige neue wie alte Windr\u00e4der aus der Entfernung sehen k\u00f6nnen, l\u00e4sst sich allerdings nicht vermeiden.<\/p>\n<p><span style=\"text-decoration: underline;\">Dennoch denken wir, dass die Produktion von erneuerbaren Energien vor Ort in der Gemeinde Newel m\u00f6glich sein muss. Deshalb bleiben wir am Ball, neue M\u00f6glichkeiten f\u00fcr die B\u00fcrgerinnen und B\u00fcrger, wie auch die Gemeinde auszuloten. (von Dominik Matter)<\/span><\/p>\n","protected":false},"excerpt":{"rendered":"<p>Der neue Fl\u00e4chennutzungsplan Windkraft f\u00fcr die gesamte Verbandsgemeinde Trier-Land hat Formen angenommen. Wie der Trierische Volksfreund bereits berichtete, wurden durch den Verbandsgemeinderat Fl\u00e4chen bestimmt, auf denen keine Windr\u00e4der gebaut werden d\u00fcrfen. Auf den restlichen Fl\u00e4chen w\u00e4re dies m\u00f6glich und dort k\u00f6nnen Windr\u00e4der entstehen. Diese Fl\u00e4chen liegen jedoch alle nicht in der Gemeinde Newel. Dass wir [&hellip;]<\/p>\n","protected":false},"author":1,"featured_media":0,"comment_status":"open","ping_status":"open","sticky":false,"template":"","format":"standard","meta":{"footnotes":""},"categories":[3],"tags":[27,104,144,201,142,143],"class_list":["post-482","post","type-post","status-publish","format-standard","hentry","category-newel","tag-butzweiler","tag-energie","tag-flaechennutzungsplan","tag-newel","tag-windkraft","tag-windrad"],"_links":{"self":[{"href":"https:\/\/www.spd-trier-land.de\/index.php?rest_route=\/wp\/v2\/posts\/482","targetHints":{"allow":["GET"]}}],"collection":[{"href":"https:\/\/www.spd-trier-land.de\/index.php?rest_route=\/wp\/v2\/posts"}],"about":[{"href":"https:\/\/www.spd-trier-land.de\/index.php?rest_route=\/wp\/v2\/types\/post"}],"author":[{"embeddable":true,"href":"https:\/\/www.spd-trier-land.de\/index.php?rest_route=\/wp\/v2\/users\/1"}],"replies":[{"embeddable":true,"href":"https:\/\/www.spd-trier-land.de\/index.php?rest_route=%2Fwp%2Fv2%2Fcomments&post=482"}],"version-history":[{"count":1,"href":"https:\/\/www.spd-trier-land.de\/index.php?rest_route=\/wp\/v2\/posts\/482\/revisions"}],"predecessor-version":[{"id":483,"href":"https:\/\/www.spd-trier-land.de\/index.php?rest_route=\/wp\/v2\/posts\/482\/revisions\/483"}],"wp:attachment":[{"href":"https:\/\/www.spd-trier-land.de\/index.php?rest_route=%2Fwp%2Fv2%2Fmedia&parent=482"}],"wp:term":[{"taxonomy":"category","embeddable":true,"href":"https:\/\/www.spd-trier-land.de\/index.php?rest_route=%2Fwp%2Fv2%2Fcategories&post=482"},{"taxonomy":"post_tag","embeddable":true,"href":"https:\/\/www.spd-trier-land.de\/index.php?rest_route=%2Fwp%2Fv2%2Ftags&post=482"}],"curies":[{"name":"wp","href":"https:\/\/api.w.org\/{rel}","templated":true}]}}