{"id":508,"date":"2015-05-05T23:45:16","date_gmt":"2015-05-05T21:45:16","guid":{"rendered":"http:\/\/www.spd-trier-land.de\/?p=508"},"modified":"2015-05-07T20:53:33","modified_gmt":"2015-05-07T18:53:33","slug":"igeler-waehlen-neuen-spd-ortsvereinsvorstand","status":"publish","type":"post","link":"https:\/\/www.spd-trier-land.de\/?p=508","title":{"rendered":"Igeler w\u00e4hlen neuen SPD-Ortsvereinsvorstand"},"content":{"rendered":"<p>Am 05.05.2015 w\u00e4hlte der SPD Ortsverein Igel-Liersberg einen neuen Vorstand.\u00a0Als Vorsitzender wurde Reinhold Kiemen wiedergew\u00e4hlt. Stellvertreter wurde Simon Ossadnik, Kassierer Willem Flinkert und Schriftf\u00fchrer Dieter Glaubrecht. Dorothea Gores wurde Pressewartin und als Beisitzer wurden Alois P\u00fctz, Erika Nafziger und Roswitha Kiemen gew\u00e4hlt.<\/p>\n","protected":false},"excerpt":{"rendered":"<p>Am 05.05.2015 w\u00e4hlte der SPD Ortsverein Igel-Liersberg einen neuen Vorstand.\u00a0Als Vorsitzender wurde Reinhold Kiemen wiedergew\u00e4hlt. Stellvertreter wurde Simon Ossadnik, Kassierer Willem Flinkert und Schriftf\u00fchrer Dieter Glaubrecht. Dorothea Gores wurde Pressewartin und als Beisitzer wurden Alois P\u00fctz, Erika Nafziger und Roswitha Kiemen gew\u00e4hlt.<\/p>\n","protected":false},"author":1,"featured_media":0,"comment_status":"closed","ping_status":"closed","sticky":false,"template":"","format":"standard","meta":{"footnotes":""},"categories":[4,2],"tags":[151,152,215,37],"class_list":["post-508","post","type-post","status-publish","format-standard","hentry","category-igel","category-trier-land","tag-igel","tag-liersberg","tag-spd","tag-vorstandswahlen"],"_links":{"self":[{"href":"https:\/\/www.spd-trier-land.de\/index.php?rest_route=\/wp\/v2\/posts\/508","targetHints":{"allow":["GET"]}}],"collection":[{"href":"https:\/\/www.spd-trier-land.de\/index.php?rest_route=\/wp\/v2\/posts"}],"about":[{"href":"https:\/\/www.spd-trier-land.de\/index.php?rest_route=\/wp\/v2\/types\/post"}],"author":[{"embeddable":true,"href":"https:\/\/www.spd-trier-land.de\/index.php?rest_route=\/wp\/v2\/users\/1"}],"replies":[{"embeddable":true,"href":"https:\/\/www.spd-trier-land.de\/index.php?rest_route=%2Fwp%2Fv2%2Fcomments&post=508"}],"version-history":[{"count":2,"href":"https:\/\/www.spd-trier-land.de\/index.php?rest_route=\/wp\/v2\/posts\/508\/revisions"}],"predecessor-version":[{"id":510,"href":"https:\/\/www.spd-trier-land.de\/index.php?rest_route=\/wp\/v2\/posts\/508\/revisions\/510"}],"wp:attachment":[{"href":"https:\/\/www.spd-trier-land.de\/index.php?rest_route=%2Fwp%2Fv2%2Fmedia&parent=508"}],"wp:term":[{"taxonomy":"category","embeddable":true,"href":"https:\/\/www.spd-trier-land.de\/index.php?rest_route=%2Fwp%2Fv2%2Fcategories&post=508"},{"taxonomy":"post_tag","embeddable":true,"href":"https:\/\/www.spd-trier-land.de\/index.php?rest_route=%2Fwp%2Fv2%2Ftags&post=508"}],"curies":[{"name":"wp","href":"https:\/\/api.w.org\/{rel}","templated":true}]}}