{"id":514,"date":"2015-05-07T20:00:36","date_gmt":"2015-05-07T18:00:36","guid":{"rendered":"http:\/\/www.spd-trier-land.de\/?p=514"},"modified":"2015-05-07T20:53:56","modified_gmt":"2015-05-07T18:53:56","slug":"der-dr-kyll-platz-in-butzweiler-bekommt-ein-neues-gesicht","status":"publish","type":"post","link":"https:\/\/www.spd-trier-land.de\/?p=514","title":{"rendered":"Der Dr. Kyll-Platz in Butzweiler bekommt ein neues Gesicht."},"content":{"rendered":"<p>Vor mehr als 20 Jahren wurde der jetzige Dr. Kyllplatz zu Ehren des von der Bev\u00f6lkerung hochgesch\u00e4tzten Seelsorgers Dr. Nikolaus Kyll nach Abriss des dortigen Anwesens als Vorplatz zur Pfarrkirche angelegt.<\/p>\n<p>Seitdem wuchs dieser Platz immer mehr zu und versperrte die Sicht auf unsere sch\u00f6ne Pfarrkirche.<\/p>\n<p>Dem ist in einer ersten Aktion Abhilfe geschaffen worden. In einem gemeinsamen Arbeitseinsatz der Gemeindearbeiter zusammen mit Mitgliedern des Heimatvereins Butzweiler, der Kath. Jugend, des Ortsb\u00fcrgermeisters und des Ortsvorstehers wurden die zu gro\u00dfen und hohen Hecken abgeschnitten, zu wuchtige B\u00e4ume abgeschnitten und der Platz wurde wieder frei und hell.<\/p>\n<p>Jetzt kann man wieder von Trier kommend einen freien Blick genie\u00dfen.<\/p>\n<p>Im Zuge der weiteren Ma\u00dfnahmen wird das hier befindliche Kriegerdenkmal wieder ges\u00e4ubert und der Platz davor neu gepflastert. Auch dieses Denkmal wird dann wieder sichtbar und kann in seinem alten Glanz erstrahlen.<\/p>\n<p>Desweiteren wird hier auf freier offener Fl\u00e4che eine Sitzgruppe bestehend aus zwei B\u00e4nken und einem Tisch aufgestellt, so dass die zahlreichen Jakobuspilger einen sch\u00f6nen Platz zum ausruhen finden, bevor sie sich wieder auf den weiteren Pilgerweg begeben.<\/p>\n<p>Auch sollte hier durch dieses neue Platzangebot ein Kommunikationsplatz f\u00fcr unsere heimische Bev\u00f6lkerung entstehen, wo man sich nach dem Kirchgang oder dem Besuch der Gr\u00e4ber etwas zusammen setzen und noch ein kleines Schw\u00e4tzchen halten kann.<\/p>\n<p>Ich w\u00fcnsche mir, dass der Platz nach seiner Fertigstellung angenommen wird und sich hier Jung und Alt wohlf\u00fchlen.<\/p>\n<p>Nutzen Sie den sch\u00f6nen Platz vor der Kirche und beleben sie somit unseren Dorfeingang und zeigen sie allen Besuchern, dass sie hier herzlich willkommen sind.<\/p>\n","protected":false},"excerpt":{"rendered":"<p>Vor mehr als 20 Jahren wurde der jetzige Dr. Kyllplatz zu Ehren des von der Bev\u00f6lkerung hochgesch\u00e4tzten Seelsorgers Dr. Nikolaus Kyll nach Abriss des dortigen Anwesens als Vorplatz zur Pfarrkirche angelegt. Seitdem wuchs dieser Platz immer mehr zu und versperrte die Sicht auf unsere sch\u00f6ne Pfarrkirche. Dem ist in einer ersten Aktion Abhilfe geschaffen worden. [&hellip;]<\/p>\n","protected":false},"author":1,"featured_media":515,"comment_status":"closed","ping_status":"open","sticky":false,"template":"","format":"standard","meta":{"footnotes":""},"categories":[3,2],"tags":[27,147,155,215],"class_list":["post-514","post","type-post","status-publish","format-standard","has-post-thumbnail","hentry","category-newel","category-trier-land","tag-butzweiler","tag-dr-kyll-platz","tag-platz","tag-spd"],"_links":{"self":[{"href":"https:\/\/www.spd-trier-land.de\/index.php?rest_route=\/wp\/v2\/posts\/514","targetHints":{"allow":["GET"]}}],"collection":[{"href":"https:\/\/www.spd-trier-land.de\/index.php?rest_route=\/wp\/v2\/posts"}],"about":[{"href":"https:\/\/www.spd-trier-land.de\/index.php?rest_route=\/wp\/v2\/types\/post"}],"author":[{"embeddable":true,"href":"https:\/\/www.spd-trier-land.de\/index.php?rest_route=\/wp\/v2\/users\/1"}],"replies":[{"embeddable":true,"href":"https:\/\/www.spd-trier-land.de\/index.php?rest_route=%2Fwp%2Fv2%2Fcomments&post=514"}],"version-history":[{"count":1,"href":"https:\/\/www.spd-trier-land.de\/index.php?rest_route=\/wp\/v2\/posts\/514\/revisions"}],"predecessor-version":[{"id":516,"href":"https:\/\/www.spd-trier-land.de\/index.php?rest_route=\/wp\/v2\/posts\/514\/revisions\/516"}],"wp:featuredmedia":[{"embeddable":true,"href":"https:\/\/www.spd-trier-land.de\/index.php?rest_route=\/wp\/v2\/media\/515"}],"wp:attachment":[{"href":"https:\/\/www.spd-trier-land.de\/index.php?rest_route=%2Fwp%2Fv2%2Fmedia&parent=514"}],"wp:term":[{"taxonomy":"category","embeddable":true,"href":"https:\/\/www.spd-trier-land.de\/index.php?rest_route=%2Fwp%2Fv2%2Fcategories&post=514"},{"taxonomy":"post_tag","embeddable":true,"href":"https:\/\/www.spd-trier-land.de\/index.php?rest_route=%2Fwp%2Fv2%2Ftags&post=514"}],"curies":[{"name":"wp","href":"https:\/\/api.w.org\/{rel}","templated":true}]}}