{"id":518,"date":"2015-05-08T18:00:13","date_gmt":"2015-05-08T16:00:13","guid":{"rendered":"http:\/\/www.spd-trier-land.de\/?p=518"},"modified":"2015-05-07T21:03:38","modified_gmt":"2015-05-07T19:03:38","slug":"hohe-geschwindigkeit-im-ort-vorschlag-zur-selbsthilfe","status":"publish","type":"post","link":"https:\/\/www.spd-trier-land.de\/?p=518","title":{"rendered":"Hohe Geschwindigkeit im Ort \u2013 Vorschlag zur Selbsthilfe"},"content":{"rendered":"<p>Nach Be\u00dflich wurden im Januar auch in Newel Verkehrsz\u00e4hlungen und Geschwindigkeitsmessungen in der Bitburger Stra\u00dfe in H\u00f6he des Gemeindehauses vorgenommen. Innerhalb von einer Woche wurden dort 3129 Fahrzeuge in Richtung B51 und 3753 Fahrzeuge ins Dorf hinein gez\u00e4hlt.<\/p>\n<p>Newel ist als Tempo 30 Zone ausgeschildert, d.h. die zul\u00e4ssige H\u00f6chstgeschwindigkeit im gesamten Ort ist auf 30 km\/h begrenzt. Weiterhin gilt im gesamten Ort rechts-vor-links. Diese Beschr\u00e4nkung ist Ausdruck des Wohngebiet-Charakters von Newel und soll unser aller Sicherheit dienen.<\/p>\n<p>&nbsp;<\/p>\n<p>Die gemessenen Geschwindigkeiten in Richtung B51 (in die andere waren sie vergleichbar):<\/p>\n<table>\n<tbody>\n<tr>\n<td width=\"59\"><strong>km\/h<\/strong><\/td>\n<td width=\"86\"><strong>Fahrzeuge<\/strong><\/td>\n<td width=\"67\"><strong>Prozent<\/strong><\/td>\n<\/tr>\n<tr>\n<td width=\"59\">20-30<\/td>\n<td width=\"86\">166<\/td>\n<td width=\"67\">5%<\/td>\n<\/tr>\n<tr>\n<td width=\"59\">30-40<\/td>\n<td width=\"86\">704<\/td>\n<td width=\"67\">22%<\/td>\n<\/tr>\n<tr>\n<td width=\"59\">40-50<\/td>\n<td width=\"86\">1134<\/td>\n<td width=\"67\">35%<\/td>\n<\/tr>\n<tr>\n<td width=\"59\">50-60<\/td>\n<td width=\"86\">943<\/td>\n<td width=\"67\">29%<\/td>\n<\/tr>\n<tr>\n<td width=\"59\">60-70<\/td>\n<td width=\"86\">251<\/td>\n<td width=\"67\">8%<\/td>\n<\/tr>\n<tr>\n<td width=\"59\">70-80<\/td>\n<td width=\"86\">21<\/td>\n<td width=\"67\">1%<\/td>\n<\/tr>\n<\/tbody>\n<\/table>\n<p>Sage und schreibe 5% aller Fahrzeuge haben sich an die Begrenzung auf 30 km\/h gehalten, einschlie\u00dflich Mofas. 27% aller Fahrzeuge sind im \u201eToleranzbereich\u201c bis 40 km\/h unterwegs und im Punktebereich (ab 51 km\/h) ganze 38%. Wer mit 70 km\/h durch eine Ortschaft f\u00e4hrt, in der Tempo 30 vorgeschrieben ist und die \u00fcber un\u00fcbersichtliche Abschnitte mit Einm\u00fcndungen und sogar spielenden Kindern verf\u00fcgt, dem ist wohl eigentlich die Bef\u00e4higung zur sicheren Teilnahme am Stra\u00dfenverkehr abzusprechen.<\/p>\n<p>&nbsp;<\/p>\n<p>Was k\u00f6nnen wir daran \u00e4ndern? Zuerst einmal k\u00f6nnen wir uns an die eigene Nase fassen und fragen, ob wir auch alle angemessen fahren. Ist ein Zeitgewinn von wenigen Sekunden wirklich das Leben von unseren Mitmenschen wert? Oder auch nur das Leben eines \u00fcberfahrenen Haustieres?<\/p>\n<p>Von der Gemeinde k\u00f6nnte man nun bauliche Ma\u00dfnahmen verlangen, die viel Geld kosten, lange dauern und auch wieder endlose Diskussionen ausl\u00f6sen.<\/p>\n<p>Stattdessen k\u00f6nnen wir uns selbst helfen. Dies kann schon dadurch geschehen, dass wir als erstes auf den eigenen Tacho schauen. Als zweite Ma\u00dfnahme kann man Mitb\u00fcrger darauf aufmerksam machen, dass Tempo 30 vorgeschrieben ist, wenn diese viel zu schnell durchs Dorf rasen (einfach mal freundlich winken).<\/p>\n<p>Als dritte Ma\u00dfnahme k\u00f6nnen wir unser Parkverhalten auf den inner\u00f6rtlichen Stra\u00dfen so anpassen, dass zum einen die Gehwege auch durchgehend als solche genutzt werden k\u00f6nnen, vor allem mit Kinderwagen (Mindestbreite von 1,20m freilassen). Dadurch, dass die Fahrzeuge bei korrektem Parken auf der Stra\u00dfe stehen, richten wir kostenlos und unb\u00fcrokratisch unsere eigenen verkehrsberuhigenden Ma\u00dfnahmen ein.<\/p>\n<p>&nbsp;<\/p>\n<p>&nbsp;<\/p>\n<p>Probiert es einfach mal aus! Es tut auch nicht weh.<\/p>\n<p>&nbsp;<\/p>\n<p>Wir bleiben f\u00fcr Euch am Ball beim Thema Verkehrsberuhigung in allen Ortsteilen. F\u00fcr konkrete Vorschl\u00e4ge haben wir immer ein offenes Ohr.<\/p>\n<p>Marc Salm, parteilos<\/p>\n","protected":false},"excerpt":{"rendered":"<p>Nach Be\u00dflich wurden im Januar auch in Newel Verkehrsz\u00e4hlungen und Geschwindigkeitsmessungen in der Bitburger Stra\u00dfe in H\u00f6he des Gemeindehauses vorgenommen. Innerhalb von einer Woche wurden dort 3129 Fahrzeuge in Richtung B51 und 3753 Fahrzeuge ins Dorf hinein gez\u00e4hlt. Newel ist als Tempo 30 Zone ausgeschildert, d.h. die zul\u00e4ssige H\u00f6chstgeschwindigkeit im gesamten Ort ist auf 30 [&hellip;]<\/p>\n","protected":false},"author":1,"featured_media":0,"comment_status":"closed","ping_status":"closed","sticky":false,"template":"","format":"standard","meta":{"footnotes":""},"categories":[3,2],"tags":[158,215,148,156,157],"class_list":["post-518","post","type-post","status-publish","format-standard","hentry","category-newel","category-trier-land","tag-buergerselbsthilfe","tag-spd","tag-verkehrsberuhigung","tag-verkehrszaehlung","tag-vorschlaege"],"_links":{"self":[{"href":"https:\/\/www.spd-trier-land.de\/index.php?rest_route=\/wp\/v2\/posts\/518","targetHints":{"allow":["GET"]}}],"collection":[{"href":"https:\/\/www.spd-trier-land.de\/index.php?rest_route=\/wp\/v2\/posts"}],"about":[{"href":"https:\/\/www.spd-trier-land.de\/index.php?rest_route=\/wp\/v2\/types\/post"}],"author":[{"embeddable":true,"href":"https:\/\/www.spd-trier-land.de\/index.php?rest_route=\/wp\/v2\/users\/1"}],"replies":[{"embeddable":true,"href":"https:\/\/www.spd-trier-land.de\/index.php?rest_route=%2Fwp%2Fv2%2Fcomments&post=518"}],"version-history":[{"count":1,"href":"https:\/\/www.spd-trier-land.de\/index.php?rest_route=\/wp\/v2\/posts\/518\/revisions"}],"predecessor-version":[{"id":519,"href":"https:\/\/www.spd-trier-land.de\/index.php?rest_route=\/wp\/v2\/posts\/518\/revisions\/519"}],"wp:attachment":[{"href":"https:\/\/www.spd-trier-land.de\/index.php?rest_route=%2Fwp%2Fv2%2Fmedia&parent=518"}],"wp:term":[{"taxonomy":"category","embeddable":true,"href":"https:\/\/www.spd-trier-land.de\/index.php?rest_route=%2Fwp%2Fv2%2Fcategories&post=518"},{"taxonomy":"post_tag","embeddable":true,"href":"https:\/\/www.spd-trier-land.de\/index.php?rest_route=%2Fwp%2Fv2%2Ftags&post=518"}],"curies":[{"name":"wp","href":"https:\/\/api.w.org\/{rel}","templated":true}]}}