{"id":522,"date":"2015-03-01T08:00:26","date_gmt":"2015-03-01T07:00:26","guid":{"rendered":"http:\/\/www.spd-trier-land.de\/?p=522"},"modified":"2015-05-07T21:03:53","modified_gmt":"2015-05-07T19:03:53","slug":"bernard-kopp-ein-nachruf","status":"publish","type":"post","link":"https:\/\/www.spd-trier-land.de\/?p=522","title":{"rendered":"Bernard Kopp &#8211; ein Nachruf"},"content":{"rendered":"<p>Am 11.10.2010 bekam Bernard Kopp aus Butzweiler f\u00fcr seine langj\u00e4hrigen Verdienste um die Sozialdemokratie die Willy-Brandt-Ehrenmedaille verliehen. Die Kreisvorsitzende Dr. Katarina Barley, MdB \u00fcberreichte im Auftrag des damaligen Landesvorsitzenden Kurt Beck diese h\u00f6chste Auszeichnung der SPD. Bernard Kopp wurde somit f\u00fcr sein pers\u00f6nliches Engagement geehrt, das er in \u00fcber 40 Jahren Mitgliedschaft in der SPD zeigte. Nat\u00fcrlich war er nicht nur einfach Mitglied, sondern auch seit \u00fcber 40 Jahren im Gemeinderat seiner Heimatgemeinde aktiv, als Fraktionsvorsitzender, als Beigeordneter und 20 Jahre als B\u00fcrgermeister. Dank ihm stellte die SPD in Newel viele Jahre als einzige Gemeinde in der Verbandsgemeinde Trier-Land einen \u201eroten\u201c B\u00fcrgermeister, sodass er auch \u00fcber den Ort hinaus bekannt wurde. Dies nutzte er, um wichtige Projekte im Kreistag Trier-Saarburg voranzutreiben, dem er 20 Jahre angeh\u00f6rte.<\/p>\n<p>Bernard war eines der Gr\u00fcndungsmitglieder des SPD-Ortsvereins Newel im Jahr 1972 und seit dem Gr\u00fcndungsjahr bis heute Mitglied des Vorstandes, darunter anfangs auch als Vorsitzender. Ebenso war er seit mehr als einem Jahrzehnt Mitglied im Vorstand des SPD-Gemeindeverbandes in der Verbandsgemeinde Trier-Land und auch deshalb eine Bereicherung f\u00fcr die Sozialdemokratie auf allen kommunalen Ebenen.<\/p>\n<p>Daf\u00fcr sagt die SPD, insbesondere die Mitglieder des SPD-Ortsvereins Newel<\/p>\n<p><strong>&#8222;Danke&#8220; <\/strong><\/p>\n<p>f\u00fcr die geleistete Arbeit der vergangenen Jahrzehnte.<\/p>\n<p>Es sollte dabei festgehalten werden, dass Bernard Kopp keine parteipolitische Linie durchzusetzen versuchte, sondern den Sinn sozialdemokratischer Politik in der Arbeit am Gemeinwohl sah. Die richtige Politik war f\u00fcr ihn diejenige Politik, die sich auf das gr\u00f6\u00dftm\u00f6gliche Fachwissen st\u00fctzte. Die richtige politische Entscheidung war also ganz wesentlich eine Frage der richtigen Information. So kam es, dass die allermeisten Beschl\u00fcsse des Neweler Gemeinderates einstimmig gefasst wurden. Auch manchem hilfesuchenden Mitb\u00fcrger konnte Bernard Kopp mit seinem Fachwissen, seinem umfassenden Ged\u00e4chtnis und seiner Energie beistehen. Jederzeit positiv seinen Mitb\u00fcrgern zugewandt, nahm Bernhard Kopp von ihnen grunds\u00e4tzlich das Beste an. Wie sehr er seine ganze Zeit dem Gemeinwohl opferte, wird schon \u00e4u\u00dferlich daran sichtbar, dass das von ihm gebaute eigene Haus bis heute noch nicht ganz fertig ist.<\/p>\n","protected":false},"excerpt":{"rendered":"<p>Am 11.10.2010 bekam Bernard Kopp aus Butzweiler f\u00fcr seine langj\u00e4hrigen Verdienste um die Sozialdemokratie die Willy-Brandt-Ehrenmedaille verliehen. Die Kreisvorsitzende Dr. Katarina Barley, MdB \u00fcberreichte im Auftrag des damaligen Landesvorsitzenden Kurt Beck diese h\u00f6chste Auszeichnung der SPD. Bernard Kopp wurde somit f\u00fcr sein pers\u00f6nliches Engagement geehrt, das er in \u00fcber 40 Jahren Mitgliedschaft in der SPD [&hellip;]<\/p>\n","protected":false},"author":1,"featured_media":0,"comment_status":"closed","ping_status":"closed","sticky":false,"template":"","format":"standard","meta":{"footnotes":""},"categories":[3,2],"tags":[150,201,215],"class_list":["post-522","post","type-post","status-publish","format-standard","hentry","category-newel","category-trier-land","tag-bernard-kopp","tag-newel","tag-spd"],"_links":{"self":[{"href":"https:\/\/www.spd-trier-land.de\/index.php?rest_route=\/wp\/v2\/posts\/522","targetHints":{"allow":["GET"]}}],"collection":[{"href":"https:\/\/www.spd-trier-land.de\/index.php?rest_route=\/wp\/v2\/posts"}],"about":[{"href":"https:\/\/www.spd-trier-land.de\/index.php?rest_route=\/wp\/v2\/types\/post"}],"author":[{"embeddable":true,"href":"https:\/\/www.spd-trier-land.de\/index.php?rest_route=\/wp\/v2\/users\/1"}],"replies":[{"embeddable":true,"href":"https:\/\/www.spd-trier-land.de\/index.php?rest_route=%2Fwp%2Fv2%2Fcomments&post=522"}],"version-history":[{"count":1,"href":"https:\/\/www.spd-trier-land.de\/index.php?rest_route=\/wp\/v2\/posts\/522\/revisions"}],"predecessor-version":[{"id":523,"href":"https:\/\/www.spd-trier-land.de\/index.php?rest_route=\/wp\/v2\/posts\/522\/revisions\/523"}],"wp:attachment":[{"href":"https:\/\/www.spd-trier-land.de\/index.php?rest_route=%2Fwp%2Fv2%2Fmedia&parent=522"}],"wp:term":[{"taxonomy":"category","embeddable":true,"href":"https:\/\/www.spd-trier-land.de\/index.php?rest_route=%2Fwp%2Fv2%2Fcategories&post=522"},{"taxonomy":"post_tag","embeddable":true,"href":"https:\/\/www.spd-trier-land.de\/index.php?rest_route=%2Fwp%2Fv2%2Ftags&post=522"}],"curies":[{"name":"wp","href":"https:\/\/api.w.org\/{rel}","templated":true}]}}