{"id":524,"date":"2015-05-10T10:00:51","date_gmt":"2015-05-10T08:00:51","guid":{"rendered":"http:\/\/www.spd-trier-land.de\/?p=524"},"modified":"2017-09-17T10:46:43","modified_gmt":"2017-09-17T08:46:43","slug":"spd-fraktion-lehnt-kreishaushalt-ab","status":"publish","type":"post","link":"https:\/\/www.spd-trier-land.de\/?p=524","title":{"rendered":"SPD-Fraktion lehnt Kreishaushalt ab"},"content":{"rendered":"<p>Zum Kreishaushalt 2015 erkl\u00e4rte die Vorsitzende der SPD-Kreistagsfraktion <strong>Ingeborg Sahler-Fesel<\/strong>:<\/p>\n<p><strong>SPD-Fraktion lehnt Kreishaushalt ab<\/strong><\/p>\n<p>Gegen die Stimmen der SPD-Fraktion verabschiedete der Kreistag Trier-Saarburg am 15. Dezember 2014 den Kreishaushalt 2015 und beschloss die entsprechende Haushaltssatzung f\u00fcr das Haushaltsjahr 2015.<\/p>\n<p>Im Basishaushalt 2015 wurde f\u00fcr den Ergebnis- und des Finanzhaushalts folgendes Gesamtergebnis ausgewiesen: Der Ergebnishaushalt schlie\u00dft demnach mit einem Fehlbedarf von 3.244.804 Euro; der Finanzhaushalt schlie\u00dft seinerseits mit einem Fehlbedarf von 858.314 Euro. Damit entspricht der Haushalt jedoch nicht mehr den gesetzlichen Vorgaben. Der gem\u00e4\u00df Gemeindehaushaltsverordnung gesetzlich geforderte Haushaltsausgleich konnte n\u00e4mlich weder f\u00fcr den Ergebnis- noch f\u00fcr den Finanzhaushalt erreicht werden.<\/p>\n<p>Zur Finanzierung der Investitionsma\u00dfnahmen wurden Kredite in H\u00f6he von 14.115.793 \u20ac aufgenommen. Der Ausgleich des Finanzplanes konnte nur durch die Veranschlagung eines Liquidit\u00e4tskredites in H\u00f6he von 858.314 \u20ac herbeigef\u00fchrt werden.<\/p>\n<p>Ebenfalls gegen die Stimmen der SPD-Fraktion beschloss der Kreistag schlie\u00dflich mehrheitlich die Erh\u00f6hung der Kreisumlage von 42 auf 43 Umlagepunkte. Das Gesamtaufkommen aus der Kreisumlage betr\u00e4gt in diesem Jahre \u00fcber 52 Millionen Euro.<\/p>\n","protected":false},"excerpt":{"rendered":"<p>Zum Kreishaushalt 2015 erkl\u00e4rte die Vorsitzende der SPD-Kreistagsfraktion Ingeborg Sahler-Fesel: SPD-Fraktion lehnt Kreishaushalt ab Gegen die Stimmen der SPD-Fraktion verabschiedete der Kreistag Trier-Saarburg am 15. Dezember 2014 den Kreishaushalt 2015 und beschloss die entsprechende Haushaltssatzung f\u00fcr das Haushaltsjahr 2015. Im Basishaushalt 2015 wurde f\u00fcr den Ergebnis- und des Finanzhaushalts folgendes Gesamtergebnis ausgewiesen: Der Ergebnishaushalt schlie\u00dft [&hellip;]<\/p>\n","protected":false},"author":1,"featured_media":0,"comment_status":"closed","ping_status":"closed","sticky":false,"template":"","format":"standard","meta":{"footnotes":""},"categories":[4,5,8,3,9,2,7,10,6],"tags":[159,215,217],"class_list":["post-524","post","type-post","status-publish","format-standard","hentry","category-igel","category-kordel","category-langsur","category-newel","category-ralingen","category-trier-land","category-trierweiler","category-welschbillig","category-zemmer","tag-kreishaushalt","tag-spd","tag-trier-saarburg"],"_links":{"self":[{"href":"https:\/\/www.spd-trier-land.de\/index.php?rest_route=\/wp\/v2\/posts\/524","targetHints":{"allow":["GET"]}}],"collection":[{"href":"https:\/\/www.spd-trier-land.de\/index.php?rest_route=\/wp\/v2\/posts"}],"about":[{"href":"https:\/\/www.spd-trier-land.de\/index.php?rest_route=\/wp\/v2\/types\/post"}],"author":[{"embeddable":true,"href":"https:\/\/www.spd-trier-land.de\/index.php?rest_route=\/wp\/v2\/users\/1"}],"replies":[{"embeddable":true,"href":"https:\/\/www.spd-trier-land.de\/index.php?rest_route=%2Fwp%2Fv2%2Fcomments&post=524"}],"version-history":[{"count":1,"href":"https:\/\/www.spd-trier-land.de\/index.php?rest_route=\/wp\/v2\/posts\/524\/revisions"}],"predecessor-version":[{"id":525,"href":"https:\/\/www.spd-trier-land.de\/index.php?rest_route=\/wp\/v2\/posts\/524\/revisions\/525"}],"wp:attachment":[{"href":"https:\/\/www.spd-trier-land.de\/index.php?rest_route=%2Fwp%2Fv2%2Fmedia&parent=524"}],"wp:term":[{"taxonomy":"category","embeddable":true,"href":"https:\/\/www.spd-trier-land.de\/index.php?rest_route=%2Fwp%2Fv2%2Fcategories&post=524"},{"taxonomy":"post_tag","embeddable":true,"href":"https:\/\/www.spd-trier-land.de\/index.php?rest_route=%2Fwp%2Fv2%2Ftags&post=524"}],"curies":[{"name":"wp","href":"https:\/\/api.w.org\/{rel}","templated":true}]}}