{"id":532,"date":"2015-05-27T22:00:51","date_gmt":"2015-05-27T20:00:51","guid":{"rendered":"http:\/\/www.spd-trier-land.de\/?p=532"},"modified":"2017-09-17T10:46:21","modified_gmt":"2017-09-17T08:46:21","slug":"leserbrief-zum-kommentar-von-herrn-harald-jansen","status":"publish","type":"post","link":"https:\/\/www.spd-trier-land.de\/?p=532","title":{"rendered":"Leserbrief zum Kommentar von Herrn Harald Jansen"},"content":{"rendered":"<p>zur Berichterstattung im TV vom 23.05.2015 \u2013 Kosten f\u00fcr Betreuung nach der Schule steigen \u2013<\/p>\n<p>Das Ziel der Verbandsgemeinde Trier &#8211; Land, die Qualit\u00e4t der Ganztagsbetreuung in unseren Grundschulen zu verbessern und damit dem Wunsch von Eltern, Betreuungspersonen, Lehrern und Kindern nachzukommen ist l\u00f6blich und nicht zu kritisieren. Dass dies mit Kostensteigerungen verbunden ist, ist nicht ungew\u00f6hnlich und hat mit Familienfeindlichkeit nichts zu tun. Das Gegenteil ist der Fall, wie den folgenden Darstellungen zu entnehmen ist. Je nach Betrachtungsweise stellen sich die durchschnittlichen Kosten f\u00fcr die Betreuung wie folgt dar:<\/p>\n<p>bis 14.00 Uhr 1,35 Euro\/Std. , bis 16.00 Uhr 1,07Euro\/Std. Zudem ist gew\u00e4hrleistet, dass ab dem neuen Schuljahr mindestens zwei Betreuungskr\u00e4fte anwesend sind. Ebenfalls wird eine 25% Geschwistererm\u00e4\u00dfigung gew\u00e4hrt. Dar\u00fcber hinaus gilt f\u00fcr einkommensschwache Familien auf Antrag die 2\/3 Erm\u00e4\u00dfigung analog der Lernmittelfreiheit. Man braucht schon viel Fantasie, hieraus eine Familienfeindlichkeit zu behaupten. Wenn ich die Berichte und Kommentare von Herrn Jansen lese, stelle ich seit geraumer Zeit fest, dass mangelnde Recherche dazu f\u00fchrt, dass er seinen Fantasien freien Lauf l\u00e4sst, seine Ergebnisse jedoch mit der Wirklichkeit nichts zu tun haben. Es ist gegen\u00fcber besorgten Eltern unfair, sie hier mit einem Extrembeispiel zu verunsichern, wenn man bedenkt, dass ihr Kind nirgendwo bis zu 80 Stunden im Monat f\u00fcr 75 Euro privat betreut wird. Was sollen die Kommunen noch alles stemmen? Folgt man den Ratschl\u00e4gen von Herrn Jansen, als Allheilmittel immer die Umlagen der Ortsgemeinden zu erh\u00f6hen, bedeutet dies zwangsl\u00e4ufig jeden B\u00fcrger bis ins Unendliche zu belasten.<br \/>\nEdgar Schmitt<br \/>\nFraktionsvorsitzender der SPD im VG \u2013Rat Trier-Land Ortsb\u00fcrgermeister\u00a0Zemmer<br \/>\nBeigeordneter VG Trier-Land<\/p>\n","protected":false},"excerpt":{"rendered":"<p>zur Berichterstattung im TV vom 23.05.2015 \u2013 Kosten f\u00fcr Betreuung nach der Schule steigen \u2013 Das Ziel der Verbandsgemeinde Trier &#8211; Land, die Qualit\u00e4t der Ganztagsbetreuung in unseren Grundschulen zu verbessern und damit dem Wunsch von Eltern, Betreuungspersonen, Lehrern und Kindern nachzukommen ist l\u00f6blich und nicht zu kritisieren. Dass dies mit Kostensteigerungen verbunden ist, ist [&hellip;]<\/p>\n","protected":false},"author":1,"featured_media":0,"comment_status":"closed","ping_status":"closed","sticky":false,"template":"","format":"standard","meta":{"footnotes":""},"categories":[11,12,13,4,5,8,3,9,2,7,10,6],"tags":[160,61,146,215,161,162],"class_list":["post-532","post","type-post","status-publish","format-standard","hentry","category-aach","category-franzenheim","category-hockweiler","category-igel","category-kordel","category-langsur","category-newel","category-ralingen","category-trier-land","category-trierweiler","category-welschbillig","category-zemmer","tag-betreuende-grundschule","tag-edgar-schmitt","tag-fraktion","tag-spd","tag-trierischer-volksfreund","tag-verbandsgemeinde-trier-land"],"_links":{"self":[{"href":"https:\/\/www.spd-trier-land.de\/index.php?rest_route=\/wp\/v2\/posts\/532","targetHints":{"allow":["GET"]}}],"collection":[{"href":"https:\/\/www.spd-trier-land.de\/index.php?rest_route=\/wp\/v2\/posts"}],"about":[{"href":"https:\/\/www.spd-trier-land.de\/index.php?rest_route=\/wp\/v2\/types\/post"}],"author":[{"embeddable":true,"href":"https:\/\/www.spd-trier-land.de\/index.php?rest_route=\/wp\/v2\/users\/1"}],"replies":[{"embeddable":true,"href":"https:\/\/www.spd-trier-land.de\/index.php?rest_route=%2Fwp%2Fv2%2Fcomments&post=532"}],"version-history":[{"count":1,"href":"https:\/\/www.spd-trier-land.de\/index.php?rest_route=\/wp\/v2\/posts\/532\/revisions"}],"predecessor-version":[{"id":533,"href":"https:\/\/www.spd-trier-land.de\/index.php?rest_route=\/wp\/v2\/posts\/532\/revisions\/533"}],"wp:attachment":[{"href":"https:\/\/www.spd-trier-land.de\/index.php?rest_route=%2Fwp%2Fv2%2Fmedia&parent=532"}],"wp:term":[{"taxonomy":"category","embeddable":true,"href":"https:\/\/www.spd-trier-land.de\/index.php?rest_route=%2Fwp%2Fv2%2Fcategories&post=532"},{"taxonomy":"post_tag","embeddable":true,"href":"https:\/\/www.spd-trier-land.de\/index.php?rest_route=%2Fwp%2Fv2%2Ftags&post=532"}],"curies":[{"name":"wp","href":"https:\/\/api.w.org\/{rel}","templated":true}]}}