{"id":553,"date":"2016-12-25T12:00:57","date_gmt":"2016-12-25T11:00:57","guid":{"rendered":"http:\/\/www.spd-trier-land.de\/?p=553"},"modified":"2016-12-29T14:40:11","modified_gmt":"2016-12-29T13:40:11","slug":"fideia-schaeaelemaan-weihnachten-2016","status":"publish","type":"post","link":"https:\/\/www.spd-trier-land.de\/?p=553","title":{"rendered":"Fideia Sch\u00e4\u00e4lemaan &#8211; Weihnachten 2016"},"content":{"rendered":"<p>Der Ortsverein Zemmer umfa\u00dft die Gemeinde Zemmer (mit den Ortsbezirken Zemmer, Schleidweiler, Rodt und Daufenbach)<\/p>\n<p>Er gibt regelm\u00e4\u00dfig die Ortsvereinszeitung &#8222;Fideia Sch\u00e4\u00e4lemaan&#8220; heraus.<\/p>\n<p>Sollten Sie eine Ausgabe nicht erhalten haben, k\u00f6nnen Sie\u00a0sie hier als Download herunterladen.<\/p>\n<p>Fideia Sch\u00e4\u00e4lemaan &#8211; Ausgabe\u00a0Weihnachten 2016<\/p>\n<p><a href=\"http:\/\/www.spd-trier-land.de\/wp-content\/uploads\/2016\/12\/2016-4-Weihnachten.pdf\">2016-4-weihnachten<\/a><\/p>\n","protected":false},"excerpt":{"rendered":"<p>Der Ortsverein Zemmer umfa\u00dft die Gemeinde Zemmer (mit den Ortsbezirken Zemmer, Schleidweiler, Rodt und Daufenbach) Er gibt regelm\u00e4\u00dfig die Ortsvereinszeitung &#8222;Fideia Sch\u00e4\u00e4lemaan&#8220; heraus. Sollten Sie eine Ausgabe nicht erhalten haben, k\u00f6nnen Sie\u00a0sie hier als Download herunterladen. Fideia Sch\u00e4\u00e4lemaan &#8211; Ausgabe\u00a0Weihnachten 2016 2016-4-weihnachten<\/p>\n","protected":false},"author":1,"featured_media":291,"comment_status":"closed","ping_status":"open","sticky":false,"template":"","format":"standard","meta":{"footnotes":""},"categories":[50,2,48,6],"tags":[174,180,19,172,173,179,61,182,171,218,181,175,178,183,221,184,215,176,177,207],"class_list":["post-553","post","type-post","status-publish","format-standard","has-post-thumbnail","hentry","category-fideia-schaeaelemaan","category-trier-land","category-zeitungen","category-zemmer","tag-am-eifelsteig","tag-arthur-pauly","tag-baugebiet","tag-buergerhilfe-netzwerk-fidei","tag-dirk-bootz","tag-doris-schneider-pauly","tag-edgar-schmitt","tag-ehrung","tag-fidei","tag-fideia-schaeaelemaan","tag-hans-scharr","tag-heinz-kirchen","tag-helke-schneider","tag-helmut-pfeiffer","tag-ingeborg-sahler-fesel","tag-nelly-faix","tag-spd","tag-treff-3000","tag-waldlehrpfad","tag-zemmer"],"_links":{"self":[{"href":"https:\/\/www.spd-trier-land.de\/index.php?rest_route=\/wp\/v2\/posts\/553","targetHints":{"allow":["GET"]}}],"collection":[{"href":"https:\/\/www.spd-trier-land.de\/index.php?rest_route=\/wp\/v2\/posts"}],"about":[{"href":"https:\/\/www.spd-trier-land.de\/index.php?rest_route=\/wp\/v2\/types\/post"}],"author":[{"embeddable":true,"href":"https:\/\/www.spd-trier-land.de\/index.php?rest_route=\/wp\/v2\/users\/1"}],"replies":[{"embeddable":true,"href":"https:\/\/www.spd-trier-land.de\/index.php?rest_route=%2Fwp%2Fv2%2Fcomments&post=553"}],"version-history":[{"count":1,"href":"https:\/\/www.spd-trier-land.de\/index.php?rest_route=\/wp\/v2\/posts\/553\/revisions"}],"predecessor-version":[{"id":555,"href":"https:\/\/www.spd-trier-land.de\/index.php?rest_route=\/wp\/v2\/posts\/553\/revisions\/555"}],"wp:featuredmedia":[{"embeddable":true,"href":"https:\/\/www.spd-trier-land.de\/index.php?rest_route=\/wp\/v2\/media\/291"}],"wp:attachment":[{"href":"https:\/\/www.spd-trier-land.de\/index.php?rest_route=%2Fwp%2Fv2%2Fmedia&parent=553"}],"wp:term":[{"taxonomy":"category","embeddable":true,"href":"https:\/\/www.spd-trier-land.de\/index.php?rest_route=%2Fwp%2Fv2%2Fcategories&post=553"},{"taxonomy":"post_tag","embeddable":true,"href":"https:\/\/www.spd-trier-land.de\/index.php?rest_route=%2Fwp%2Fv2%2Ftags&post=553"}],"curies":[{"name":"wp","href":"https:\/\/api.w.org\/{rel}","templated":true}]}}