{"id":556,"date":"2017-01-02T00:01:06","date_gmt":"2017-01-01T23:01:06","guid":{"rendered":"http:\/\/www.spd-trier-land.de\/?p=556"},"modified":"2016-12-29T14:35:42","modified_gmt":"2016-12-29T13:35:42","slug":"buergerinformation-aktuell-01-2017-zur-windkraft","status":"publish","type":"post","link":"https:\/\/www.spd-trier-land.de\/?p=556","title":{"rendered":"B\u00fcrgerinformation.aktuell 01.2017 zur Windkraft"},"content":{"rendered":"<p>Den kompletten Flyer hier runterladen:<\/p>\n<p><a href=\"http:\/\/www.spd-trier-land.de\/wp-content\/uploads\/2016\/12\/2017-01-Windkraft-online-Informationsblatt.pdf\">2017-01-windkraft-online-informationsblatt<\/a><\/p>\n<p>In unserer Gemeinde findet eine rege Diskussion \u00fcber Windkraftanlagen statt, die m\u00f6glicherweise in dem gemeindeeigenen Wald an der Grenze zur Gemarkung Heidweiler errichtet und betrieben werden sollen. Vor geraumer Zeit hatten sich B\u00fcrger mit einer Unterschriftenaktion gegen Windkraftanlagen ausgesprochen und die\u00a0 Bev\u00f6lkerung einseitig informiert.<\/p>\n<p>Dies f\u00fchrte in der Gemeinde zu gro\u00dfen Irritationen. Zudem wurde<br \/>\nvom CDU Ortsverband Zemmer ein Informationsblatt verteilt. In diesem wird f\u00e4lschlicherweise behauptet, dass von den Pachteinnahmen aus der Windkraft die Gemeinde Umlagen an die Verbandsgemeinde und an den Kreis zahlen m\u00fcsste.<br \/>\nDies ist nicht zutreffend! Die Pachteinnahmen<br \/>\nsind nicht umlagepflichtig.<br \/>\nDie Fraktionen der SPD und der Freien W\u00e4hler Fidei haben zus\u00e4tzlich umfangreiche Fakten zur Windenergie zusammengetragen, damit sich<br \/>\nunsere B\u00fcrger ein objektives Urteil bilden k\u00f6nnen. Der Verbandsgemeinderat Trier-Land hat den Fl\u00e4chennutzungsplan f\u00fcr Windkraftanlagen in seiner Sitzung am 05.10.2016 beschlossen und<br \/>\nder Kreisverwaltung Trier-Saarburg zur Genehmigung vorgelegt.<br \/>\nDer B\u00fcrgerentscheid findet am 15. Januar 2017 in allen Ortsteilen der Ortsgemeinde Zemmer statt. Er bietet die einmalige M\u00f6glichkeit \u00fcber das Thema \u201eWindkraft in der Ortsgemeinde Zemmer\u201c abzustimmen.<br \/>\nWir w\u00fcnschen uns eine zahlreiche Beteiligung, um so eine klare und eindeutige Meinung unserer B\u00fcrgerinnen und B\u00fcrger zu erhalten.<br \/>\nIhre SPD-Fraktion + FWG Fidei Fraktion<\/p>\n<p><strong>B\u00fcrgerentscheid am 15.01.2017<\/strong><\/p>\n","protected":false},"excerpt":{"rendered":"<p>Den kompletten Flyer hier runterladen: 2017-01-windkraft-online-informationsblatt In unserer Gemeinde findet eine rege Diskussion \u00fcber Windkraftanlagen statt, die m\u00f6glicherweise in dem gemeindeeigenen Wald an der Grenze zur Gemarkung Heidweiler errichtet und betrieben werden sollen. Vor geraumer Zeit hatten sich B\u00fcrger mit einer Unterschriftenaktion gegen Windkraftanlagen ausgesprochen und die\u00a0 Bev\u00f6lkerung einseitig informiert. Dies f\u00fchrte in der Gemeinde [&hellip;]<\/p>\n","protected":false},"author":1,"featured_media":0,"comment_status":"closed","ping_status":"open","sticky":false,"template":"","format":"standard","meta":{"footnotes":""},"categories":[50,2,48,6],"tags":[170,61,169,171,146,215,168,167,166,142,207],"class_list":["post-556","post","type-post","status-publish","format-standard","hentry","category-fideia-schaeaelemaan","category-trier-land","category-zeitungen","category-zemmer","tag-buergerentscheid","tag-edgar-schmitt","tag-einwohnerversammlung","tag-fidei","tag-fraktion","tag-spd","tag-vg-speicher","tag-vg-wittlich-land","tag-windenergie-zemmer","tag-windkraft","tag-zemmer"],"_links":{"self":[{"href":"https:\/\/www.spd-trier-land.de\/index.php?rest_route=\/wp\/v2\/posts\/556","targetHints":{"allow":["GET"]}}],"collection":[{"href":"https:\/\/www.spd-trier-land.de\/index.php?rest_route=\/wp\/v2\/posts"}],"about":[{"href":"https:\/\/www.spd-trier-land.de\/index.php?rest_route=\/wp\/v2\/types\/post"}],"author":[{"embeddable":true,"href":"https:\/\/www.spd-trier-land.de\/index.php?rest_route=\/wp\/v2\/users\/1"}],"replies":[{"embeddable":true,"href":"https:\/\/www.spd-trier-land.de\/index.php?rest_route=%2Fwp%2Fv2%2Fcomments&post=556"}],"version-history":[{"count":1,"href":"https:\/\/www.spd-trier-land.de\/index.php?rest_route=\/wp\/v2\/posts\/556\/revisions"}],"predecessor-version":[{"id":558,"href":"https:\/\/www.spd-trier-land.de\/index.php?rest_route=\/wp\/v2\/posts\/556\/revisions\/558"}],"wp:attachment":[{"href":"https:\/\/www.spd-trier-land.de\/index.php?rest_route=%2Fwp%2Fv2%2Fmedia&parent=556"}],"wp:term":[{"taxonomy":"category","embeddable":true,"href":"https:\/\/www.spd-trier-land.de\/index.php?rest_route=%2Fwp%2Fv2%2Fcategories&post=556"},{"taxonomy":"post_tag","embeddable":true,"href":"https:\/\/www.spd-trier-land.de\/index.php?rest_route=%2Fwp%2Fv2%2Ftags&post=556"}],"curies":[{"name":"wp","href":"https:\/\/api.w.org\/{rel}","templated":true}]}}