{"id":580,"date":"2017-09-17T10:42:17","date_gmt":"2017-09-17T08:42:17","guid":{"rendered":"http:\/\/www.spd-trier-land.de\/?p=580"},"modified":"2017-09-17T10:48:36","modified_gmt":"2017-09-17T08:48:36","slug":"fideia-schaeaelemaan-september-2017","status":"publish","type":"post","link":"https:\/\/www.spd-trier-land.de\/?p=580","title":{"rendered":"Fideia Sch\u00e4\u00e4lemaan &#8211; September 2017"},"content":{"rendered":"<p>Der Ortsverein Zemmer umfasst die Gemeinde Zemmer (mit den Ortsbezirken Zemmer, Schleidweiler, Rodt und Daufenbach)<\/p>\n<p>Er gibt regelm\u00e4\u00dfig die Ortsvereinszeitung &#8222;Fideia Sch\u00e4\u00e4lemaan&#8220; heraus.<\/p>\n<p>Sollten Sie eine Ausgabe nicht erhalten haben, k\u00f6nnen Sie sie hier als Download herunterladen.<\/p>\n<p>Fideia Sch\u00e4\u00e4lemaan &#8211; Ausgabe\u00a0September 2017<\/p>\n<p><a href=\"http:\/\/www.spd-trier-land.de\/wp-content\/uploads\/2017\/09\/2017-09-Fideia_Schaeaelemaan.pdf\">2017-09-Fideia_Schaeaelemaan<\/a><\/p>\n","protected":false},"excerpt":{"rendered":"<p>Der Ortsverein Zemmer umfasst die Gemeinde Zemmer (mit den Ortsbezirken Zemmer, Schleidweiler, Rodt und Daufenbach) Er gibt regelm\u00e4\u00dfig die Ortsvereinszeitung &#8222;Fideia Sch\u00e4\u00e4lemaan&#8220; heraus. Sollten Sie eine Ausgabe nicht erhalten haben, k\u00f6nnen Sie sie hier als Download herunterladen. Fideia Sch\u00e4\u00e4lemaan &#8211; Ausgabe\u00a0September 2017 2017-09-Fideia_Schaeaelemaan<\/p>\n","protected":false},"author":1,"featured_media":291,"comment_status":"open","ping_status":"open","sticky":false,"template":"","format":"standard","meta":{"footnotes":""},"categories":[40,50,2,81,73,48,6],"tags":[39,61,218,89,213,194,198,195,207],"class_list":["post-580","post","type-post","status-publish","format-standard","has-post-thumbnail","hentry","category-bundestagswahl","category-fideia-schaeaelemaan","category-trier-land","category-verbandsbuergermeisterwahl","category-wahlen","category-zeitungen","category-zemmer","tag-dr-katarina-barley","tag-edgar-schmitt","tag-fideia-schaeaelemaan","tag-kandidat","tag-kommunalwahl","tag-matthias-wagner","tag-trier-land","tag-verbandsbuergermeisterwahl","tag-zemmer"],"_links":{"self":[{"href":"https:\/\/www.spd-trier-land.de\/index.php?rest_route=\/wp\/v2\/posts\/580","targetHints":{"allow":["GET"]}}],"collection":[{"href":"https:\/\/www.spd-trier-land.de\/index.php?rest_route=\/wp\/v2\/posts"}],"about":[{"href":"https:\/\/www.spd-trier-land.de\/index.php?rest_route=\/wp\/v2\/types\/post"}],"author":[{"embeddable":true,"href":"https:\/\/www.spd-trier-land.de\/index.php?rest_route=\/wp\/v2\/users\/1"}],"replies":[{"embeddable":true,"href":"https:\/\/www.spd-trier-land.de\/index.php?rest_route=%2Fwp%2Fv2%2Fcomments&post=580"}],"version-history":[{"count":4,"href":"https:\/\/www.spd-trier-land.de\/index.php?rest_route=\/wp\/v2\/posts\/580\/revisions"}],"predecessor-version":[{"id":585,"href":"https:\/\/www.spd-trier-land.de\/index.php?rest_route=\/wp\/v2\/posts\/580\/revisions\/585"}],"wp:featuredmedia":[{"embeddable":true,"href":"https:\/\/www.spd-trier-land.de\/index.php?rest_route=\/wp\/v2\/media\/291"}],"wp:attachment":[{"href":"https:\/\/www.spd-trier-land.de\/index.php?rest_route=%2Fwp%2Fv2%2Fmedia&parent=580"}],"wp:term":[{"taxonomy":"category","embeddable":true,"href":"https:\/\/www.spd-trier-land.de\/index.php?rest_route=%2Fwp%2Fv2%2Fcategories&post=580"},{"taxonomy":"post_tag","embeddable":true,"href":"https:\/\/www.spd-trier-land.de\/index.php?rest_route=%2Fwp%2Fv2%2Ftags&post=580"}],"curies":[{"name":"wp","href":"https:\/\/api.w.org\/{rel}","templated":true}]}}