{"id":590,"date":"2017-12-21T08:00:20","date_gmt":"2017-12-21T07:00:20","guid":{"rendered":"http:\/\/www.spd-trier-land.de\/?p=590"},"modified":"2017-12-21T22:19:01","modified_gmt":"2017-12-21T21:19:01","slug":"fideia-schaeaelemaan-ausgabe-weihnachten-2017","status":"publish","type":"post","link":"https:\/\/www.spd-trier-land.de\/?p=590","title":{"rendered":"Fideia Sch\u00e4\u00e4lemaan &#8211; Ausgabe Weihnachten 2017"},"content":{"rendered":"<p>Der Ortsverein Zemmer umfasst die Gemeinde Zemmer (mit den Ortsbezirken Zemmer, Schleidweiler, Rodt und Daufenbach)<\/p>\n<p>Er gibt regelm\u00e4\u00dfig die Ortsvereinszeitung &#8222;Fideia Sch\u00e4\u00e4lemaan&#8220; heraus.<\/p>\n<p>Sollten Sie eine Ausgabe nicht erhalten haben, k\u00f6nnen Sie sie hier als Download herunterladen.<\/p>\n<p>Einen besonderen Dank gilt Annegrethe Berg f\u00fcr die Erstellung der aktuellen Ausgabe!<\/p>\n<p><a href=\"http:\/\/www.spd-trier-land.de\/wp-content\/uploads\/2017\/09\/2017-12-Fideia_Schaeaelemaan.pdf\">Fideia Sch\u00e4\u00e4lemaan &#8211; Ausgabe Dezember 2017<\/a><\/p>\n<p>&nbsp;<\/p>\n","protected":false},"excerpt":{"rendered":"<p>Der Ortsverein Zemmer umfasst die Gemeinde Zemmer (mit den Ortsbezirken Zemmer, Schleidweiler, Rodt und Daufenbach) Er gibt regelm\u00e4\u00dfig die Ortsvereinszeitung &#8222;Fideia Sch\u00e4\u00e4lemaan&#8220; heraus. Sollten Sie eine Ausgabe nicht erhalten haben, k\u00f6nnen Sie sie hier als Download herunterladen. Einen besonderen Dank gilt Annegrethe Berg f\u00fcr die Erstellung der aktuellen Ausgabe! Fideia Sch\u00e4\u00e4lemaan &#8211; Ausgabe Dezember 2017 [&hellip;]<\/p>\n","protected":false},"author":1,"featured_media":291,"comment_status":"closed","ping_status":"closed","sticky":false,"template":"","format":"standard","meta":{"footnotes":""},"categories":[50,2,81,73,48,6],"tags":[218,232,221,234,194,233,223,142,207],"class_list":["post-590","post","type-post","status-publish","format-standard","has-post-thumbnail","hentry","category-fideia-schaeaelemaan","category-trier-land","category-verbandsbuergermeisterwahl","category-wahlen","category-zeitungen","category-zemmer","tag-fideia-schaeaelemaan","tag-heidweiler","tag-ingeborg-sahler-fesel","tag-kindergarten","tag-matthias-wagner","tag-michael-becker","tag-schleidweiler","tag-windkraft","tag-zemmer"],"_links":{"self":[{"href":"https:\/\/www.spd-trier-land.de\/index.php?rest_route=\/wp\/v2\/posts\/590","targetHints":{"allow":["GET"]}}],"collection":[{"href":"https:\/\/www.spd-trier-land.de\/index.php?rest_route=\/wp\/v2\/posts"}],"about":[{"href":"https:\/\/www.spd-trier-land.de\/index.php?rest_route=\/wp\/v2\/types\/post"}],"author":[{"embeddable":true,"href":"https:\/\/www.spd-trier-land.de\/index.php?rest_route=\/wp\/v2\/users\/1"}],"replies":[{"embeddable":true,"href":"https:\/\/www.spd-trier-land.de\/index.php?rest_route=%2Fwp%2Fv2%2Fcomments&post=590"}],"version-history":[{"count":2,"href":"https:\/\/www.spd-trier-land.de\/index.php?rest_route=\/wp\/v2\/posts\/590\/revisions"}],"predecessor-version":[{"id":593,"href":"https:\/\/www.spd-trier-land.de\/index.php?rest_route=\/wp\/v2\/posts\/590\/revisions\/593"}],"wp:featuredmedia":[{"embeddable":true,"href":"https:\/\/www.spd-trier-land.de\/index.php?rest_route=\/wp\/v2\/media\/291"}],"wp:attachment":[{"href":"https:\/\/www.spd-trier-land.de\/index.php?rest_route=%2Fwp%2Fv2%2Fmedia&parent=590"}],"wp:term":[{"taxonomy":"category","embeddable":true,"href":"https:\/\/www.spd-trier-land.de\/index.php?rest_route=%2Fwp%2Fv2%2Fcategories&post=590"},{"taxonomy":"post_tag","embeddable":true,"href":"https:\/\/www.spd-trier-land.de\/index.php?rest_route=%2Fwp%2Fv2%2Ftags&post=590"}],"curies":[{"name":"wp","href":"https:\/\/api.w.org\/{rel}","templated":true}]}}