{"id":609,"date":"2018-02-15T20:59:17","date_gmt":"2018-02-15T19:59:17","guid":{"rendered":"http:\/\/www.spd-trier-land.de\/?p=609"},"modified":"2018-03-28T21:09:17","modified_gmt":"2018-03-28T19:09:17","slug":"begruessung-neue-mitglieder-am-politischen-aschermittwoch-2018","status":"publish","type":"post","link":"https:\/\/www.spd-trier-land.de\/?p=609","title":{"rendered":"Begr\u00fc\u00dfung neue Mitglieder am Politischen Aschermittwoch 2018"},"content":{"rendered":"<p><em><\/em><\/p>\n<p><span style=\"margin: 0px; font-family: 'Arial',sans-serif; font-size: 12pt;\"><span style=\"color: #000000;\">Anl\u00e4sslich unseres 32. Politischen Aschermittwochs am 14.02.2018 konnten wir zwei neue Mitglieder im Ortsverein Zemmer begr\u00fc\u00dfen.<\/span><\/span><\/p>\n<p><span style=\"margin: 0px; font-family: 'Arial',sans-serif; font-size: 12pt;\"><span style=\"color: #000000;\">Kristina Schildbach und Stefan Ternes erhielten ihr Parteibuch durch die gesch\u00e4ftsf\u00fchrende Bundesfamilien- und Bundesarbeitsministerin Katarina Barley \u00fcberreicht.<\/span><\/span><\/p>\n<p><span style=\"margin: 0px; font-family: 'Arial',sans-serif; font-size: 12pt;\"><span style=\"color: #000000;\">Ebenso begr\u00fc\u00dfte Ingeborg Sahler-Fessel MdL sowie unser Kandidat f\u00fcr das Amt des B\u00fcrgermeisters Trier-Land, Matthias Wagner, die Beiden.<\/span><\/span><\/p>\n<p><span style=\"margin: 0px; font-family: 'Arial',sans-serif; font-size: 12pt;\"><span style=\"color: #000000;\">Der 1. Vorsitzende Werner Koch freute sich auch diesmal \u00fcber die gut besuchte Veranstaltung. Leider musste unser Gastredner,<span style=\"font-family: Arial;\">\u00a0 <\/span>Prof. Dr. Karl Lauterbach MdB, krankheitsbedingt absagen. <\/span><\/span><\/p>\n<p><span style=\"margin: 0px; font-family: 'Arial',sans-serif; font-size: 12pt;\"><span style=\"color: #000000;\">Wir w\u00fcnschen ihm und den anderen G\u00e4sten, die aufgrund der aktuellen Grippewelle abgesagt haben alles Gute.<a href=\"http:\/\/www.spd-trier-land.de\/wp-content\/uploads\/2018\/03\/Pol.-Aschermittwoch-2018-10.jpg\"><img loading=\"lazy\" decoding=\"async\" class=\"alignleft size-full wp-image-611\" src=\"http:\/\/www.spd-trier-land.de\/wp-content\/uploads\/2018\/03\/Pol.-Aschermittwoch-2018-10.jpg\" alt=\"\" width=\"3397\" height=\"3018\" srcset=\"https:\/\/www.spd-trier-land.de\/wp-content\/uploads\/2018\/03\/Pol.-Aschermittwoch-2018-10.jpg 3397w, https:\/\/www.spd-trier-land.de\/wp-content\/uploads\/2018\/03\/Pol.-Aschermittwoch-2018-10-300x267.jpg 300w, https:\/\/www.spd-trier-land.de\/wp-content\/uploads\/2018\/03\/Pol.-Aschermittwoch-2018-10-768x682.jpg 768w, https:\/\/www.spd-trier-land.de\/wp-content\/uploads\/2018\/03\/Pol.-Aschermittwoch-2018-10-1024x910.jpg 1024w\" sizes=\"auto, (max-width: 3397px) 100vw, 3397px\" \/><\/a> <a href=\"http:\/\/www.spd-trier-land.de\/wp-content\/uploads\/2018\/03\/Pol.-Aschermittwoch-2018-5-1.jpg\"><img loading=\"lazy\" decoding=\"async\" class=\"alignleft size-full wp-image-612\" src=\"http:\/\/www.spd-trier-land.de\/wp-content\/uploads\/2018\/03\/Pol.-Aschermittwoch-2018-5-1.jpg\" alt=\"\" width=\"4290\" height=\"3446\" srcset=\"https:\/\/www.spd-trier-land.de\/wp-content\/uploads\/2018\/03\/Pol.-Aschermittwoch-2018-5-1.jpg 4290w, https:\/\/www.spd-trier-land.de\/wp-content\/uploads\/2018\/03\/Pol.-Aschermittwoch-2018-5-1-300x241.jpg 300w, https:\/\/www.spd-trier-land.de\/wp-content\/uploads\/2018\/03\/Pol.-Aschermittwoch-2018-5-1-768x617.jpg 768w, https:\/\/www.spd-trier-land.de\/wp-content\/uploads\/2018\/03\/Pol.-Aschermittwoch-2018-5-1-1024x823.jpg 1024w\" sizes=\"auto, (max-width: 4290px) 100vw, 4290px\" \/><\/a><\/span><\/span><\/p>\n","protected":false},"excerpt":{"rendered":"<p>Anl\u00e4sslich unseres 32. Politischen Aschermittwochs am 14.02.2018 konnten wir zwei neue Mitglieder im Ortsverein Zemmer begr\u00fc\u00dfen. Kristina Schildbach und Stefan Ternes erhielten ihr Parteibuch durch die gesch\u00e4ftsf\u00fchrende Bundesfamilien- und Bundesarbeitsministerin Katarina Barley \u00fcberreicht. Ebenso begr\u00fc\u00dfte Ingeborg Sahler-Fessel MdL sowie unser Kandidat f\u00fcr das Amt des B\u00fcrgermeisters Trier-Land, Matthias Wagner, die Beiden. Der 1. Vorsitzende Werner [&hellip;]<\/p>\n","protected":false},"author":1,"featured_media":610,"comment_status":"closed","ping_status":"closed","sticky":false,"template":"","format":"standard","meta":{"footnotes":""},"categories":[2,6],"tags":[39,194,240,215,207],"class_list":["post-609","post","type-post","status-publish","format-standard","has-post-thumbnail","hentry","category-trier-land","category-zemmer","tag-dr-katarina-barley","tag-matthias-wagner","tag-mitglieder","tag-spd","tag-zemmer"],"_links":{"self":[{"href":"https:\/\/www.spd-trier-land.de\/index.php?rest_route=\/wp\/v2\/posts\/609","targetHints":{"allow":["GET"]}}],"collection":[{"href":"https:\/\/www.spd-trier-land.de\/index.php?rest_route=\/wp\/v2\/posts"}],"about":[{"href":"https:\/\/www.spd-trier-land.de\/index.php?rest_route=\/wp\/v2\/types\/post"}],"author":[{"embeddable":true,"href":"https:\/\/www.spd-trier-land.de\/index.php?rest_route=\/wp\/v2\/users\/1"}],"replies":[{"embeddable":true,"href":"https:\/\/www.spd-trier-land.de\/index.php?rest_route=%2Fwp%2Fv2%2Fcomments&post=609"}],"version-history":[{"count":1,"href":"https:\/\/www.spd-trier-land.de\/index.php?rest_route=\/wp\/v2\/posts\/609\/revisions"}],"predecessor-version":[{"id":613,"href":"https:\/\/www.spd-trier-land.de\/index.php?rest_route=\/wp\/v2\/posts\/609\/revisions\/613"}],"wp:featuredmedia":[{"embeddable":true,"href":"https:\/\/www.spd-trier-land.de\/index.php?rest_route=\/wp\/v2\/media\/610"}],"wp:attachment":[{"href":"https:\/\/www.spd-trier-land.de\/index.php?rest_route=%2Fwp%2Fv2%2Fmedia&parent=609"}],"wp:term":[{"taxonomy":"category","embeddable":true,"href":"https:\/\/www.spd-trier-land.de\/index.php?rest_route=%2Fwp%2Fv2%2Fcategories&post=609"},{"taxonomy":"post_tag","embeddable":true,"href":"https:\/\/www.spd-trier-land.de\/index.php?rest_route=%2Fwp%2Fv2%2Ftags&post=609"}],"curies":[{"name":"wp","href":"https:\/\/api.w.org\/{rel}","templated":true}]}}