{"id":675,"date":"2019-03-28T23:00:07","date_gmt":"2019-03-28T22:00:07","guid":{"rendered":"http:\/\/www.spd-trier-land.de\/?p=675"},"modified":"2019-03-30T20:56:09","modified_gmt":"2019-03-30T19:56:09","slug":"mitgliederversammlung-mit-vorstandsneuwahlen-ov-zemmer","status":"publish","type":"post","link":"https:\/\/www.spd-trier-land.de\/?p=675","title":{"rendered":"Mitgliederversammlung mit Vorstandsneuwahlen OV Zemmer"},"content":{"rendered":"\n<p>Zur Mitgliederversammlung mit Vorstandsneuwahl am 28.\nM\u00e4rz 2019, 19.00Uhr im Gasthaus Wolter konnte der 1. Vorsitzende Werner Koch\nzahlreiche Mitglieder begr\u00fc\u00dfen.<\/p>\n\n\n\n<p>Gew\u00e4hlt wurde:<\/p>\n\n\n\n<p>1.Vorsitzender: Werner Koch, Rodt<\/p>\n\n\n\n<p>stellv. Vorsitzender: Edgar Schmitt, Rodt<\/p>\n\n\n\n<p>Kassiererin: Annegrethe Berg, Zemmer<\/p>\n\n\n\n<p>Stellv. Kassierer: Carsten Wollscheid, Schleidweiler<\/p>\n\n\n\n<p>Beisitzer: <br>Brigitte Hessel, Daufenbach<br>Manuel Leonardy, Rodt<br>Pietro de Sabato, Rodt<br>Mario Schmitt, Schleidweiler<br>Ramona Schmitt, Daufenbach<\/p>\n\n\n\n<p>Kassenpr\u00fcfer:\u00a0\u00a0\u00a0\u00a0\u00a0\u00a0\u00a0\u00a0\u00a0\u00a0\u00a0\u00a0\u00a0\u00a0\u00a0\u00a0\u00a0\u00a0\u00a0\u00a0\u00a0\u00a0\u00a0\u00a0\u00a0 Hedi Weber, Rodt und\u00a0Gerd Hammes, Zemmer<\/p>\n\n\n\n<p>Werner Koch bedankte sich f\u00fcr die\nWiederwahl zum 1. Vorsitzenden sowie f\u00fcr die geleistete Arbeit des bisherigen\nVorstandes. <\/p>\n\n\n\n<p>Er gab einen R\u00fcckblick auf den\ndiesj\u00e4hrigen 33. Politischen Aschermittwoch mit Gastredner Prof. Dr. Karl\nLauterbach und weitere Aktivit\u00e4ten des SPD Ortsverein Zemmer. &nbsp;<\/p>\n\n\n\n<p>Die Aufstellung der Listen zur Kommunalwahl am 26. Mai 2019 wurde erfolgreich abgeschlossen und so werden wir mit unseren Kandidatinnen und Kandidaten in die Kommunalwahl am 26. Mai 2019 gehen. <\/p>\n\n\n\n<p>Abschlie\u00dfend \u00fcberreichte der 1. Vorsitzende Werner Koch die Parteib\u00fccher an die Neumitglieder Manuel Leonardy aus Rodt und Brigitte Hessel aus Daufenbach. <\/p>\n","protected":false},"excerpt":{"rendered":"<p>Zur Mitgliederversammlung mit Vorstandsneuwahl am 28. M\u00e4rz 2019, 19.00Uhr im Gasthaus Wolter konnte der 1. Vorsitzende Werner Koch zahlreiche Mitglieder begr\u00fc\u00dfen. Gew\u00e4hlt wurde: 1.Vorsitzender: Werner Koch, Rodt stellv. Vorsitzender: Edgar Schmitt, Rodt Kassiererin: Annegrethe Berg, Zemmer Stellv. Kassierer: Carsten Wollscheid, Schleidweiler Beisitzer: Brigitte Hessel, DaufenbachManuel Leonardy, RodtPietro de Sabato, RodtMario Schmitt, SchleidweilerRamona Schmitt, Daufenbach Kassenpr\u00fcfer:\u00a0\u00a0\u00a0\u00a0\u00a0\u00a0\u00a0\u00a0\u00a0\u00a0\u00a0\u00a0\u00a0\u00a0\u00a0\u00a0\u00a0\u00a0\u00a0\u00a0\u00a0\u00a0\u00a0\u00a0\u00a0 [&hellip;]<\/p>\n","protected":false},"author":1,"featured_media":0,"comment_status":"closed","ping_status":"closed","sticky":false,"template":"","format":"standard","meta":{"footnotes":""},"categories":[2,6],"tags":[257,259,258,224,61,265,264,260,262,261,263,222,223,266,256,207],"class_list":["post-675","post","type-post","status-publish","format-standard","hentry","category-trier-land","category-zemmer","tag-annegrethe-berg","tag-brigitte-hessel","tag-carsten-wollscheid","tag-daufenbach","tag-edgar-schmitt","tag-gerd-hammes","tag-hedi-weber","tag-manuel-leonardy","tag-mario-schmitt","tag-pietro-de-sabato","tag-ramona-schmitt","tag-rodt","tag-schleidweiler","tag-vorstandsneuwahl","tag-werner-koch","tag-zemmer"],"_links":{"self":[{"href":"https:\/\/www.spd-trier-land.de\/index.php?rest_route=\/wp\/v2\/posts\/675","targetHints":{"allow":["GET"]}}],"collection":[{"href":"https:\/\/www.spd-trier-land.de\/index.php?rest_route=\/wp\/v2\/posts"}],"about":[{"href":"https:\/\/www.spd-trier-land.de\/index.php?rest_route=\/wp\/v2\/types\/post"}],"author":[{"embeddable":true,"href":"https:\/\/www.spd-trier-land.de\/index.php?rest_route=\/wp\/v2\/users\/1"}],"replies":[{"embeddable":true,"href":"https:\/\/www.spd-trier-land.de\/index.php?rest_route=%2Fwp%2Fv2%2Fcomments&post=675"}],"version-history":[{"count":3,"href":"https:\/\/www.spd-trier-land.de\/index.php?rest_route=\/wp\/v2\/posts\/675\/revisions"}],"predecessor-version":[{"id":678,"href":"https:\/\/www.spd-trier-land.de\/index.php?rest_route=\/wp\/v2\/posts\/675\/revisions\/678"}],"wp:attachment":[{"href":"https:\/\/www.spd-trier-land.de\/index.php?rest_route=%2Fwp%2Fv2%2Fmedia&parent=675"}],"wp:term":[{"taxonomy":"category","embeddable":true,"href":"https:\/\/www.spd-trier-land.de\/index.php?rest_route=%2Fwp%2Fv2%2Fcategories&post=675"},{"taxonomy":"post_tag","embeddable":true,"href":"https:\/\/www.spd-trier-land.de\/index.php?rest_route=%2Fwp%2Fv2%2Ftags&post=675"}],"curies":[{"name":"wp","href":"https:\/\/api.w.org\/{rel}","templated":true}]}}