{"id":689,"date":"2019-03-31T23:00:06","date_gmt":"2019-03-31T21:00:06","guid":{"rendered":"http:\/\/www.spd-trier-land.de\/?p=689"},"modified":"2019-04-01T00:17:44","modified_gmt":"2019-03-31T22:17:44","slug":"spd-ortsverein-newel-stellt-bewerberliste-fuer-die-gemeinderatswahl-2019-vor","status":"publish","type":"post","link":"https:\/\/www.spd-trier-land.de\/?p=689","title":{"rendered":"SPD Ortsverein Newel stellt Bewerberliste f\u00fcr die Gemeinderatswahl 2019 vor"},"content":{"rendered":"\n<p>Auf seiner Mitgliederversammlung am 15.M\u00e4rz 2019 stellte der SPD Ortsverein Newel seine KandidatInnen f\u00fcr die Gemeinderatswahl am 26. Mai 2019 auf.<br><\/p>\n\n\n\n<ol class=\"wp-block-list\"><li>Udo Ungar (Butzweiler)<\/li><li>Tina Laudwein (Butzweiler)<\/li><li>Dominik Matter (Be\u00dflich)<\/li><li>Marc Salm (Newel)<\/li><li>Volker Brunke (Butzweiler)<\/li><li>Maximilian Kimmlingen (Butzweiler)<\/li><li>Nicolas Wolf (Butzweiler)<\/li><li>Sebastian Holz (Butzweiler)<\/li><li>Nikolaus Lieser (Butzweiler)<\/li><li>Stefan Bins (Butzweiler)<\/li><li>Hans Cremer (Butzweiler)<\/li><li>Vincent Wiltschek (Be\u00dflich)<\/li><li>Max Ungar (Butzweiler)<\/li><li>Maike Hausberger (Butzweiler)<\/li><li>Renate P\u00e4ulgen (Be\u00dflich)<\/li><li>Klaus Schu (Be\u00dflich)<\/li><li>Martina Ungar-Wiltschek (Be\u00dflich)<\/li><li>Helmut Kinn (Be\u00dflich)<\/li><li>apl. Prof. Dr. Michael Albrecht (Butzweiler)<\/li><\/ol>\n","protected":false},"excerpt":{"rendered":"<p>Auf seiner Mitgliederversammlung am 15.M\u00e4rz 2019 stellte der SPD Ortsverein Newel seine KandidatInnen f\u00fcr die Gemeinderatswahl am 26. Mai 2019 auf. Udo Ungar (Butzweiler) Tina Laudwein (Butzweiler) Dominik Matter (Be\u00dflich) Marc Salm (Newel) Volker Brunke (Butzweiler) Maximilian Kimmlingen (Butzweiler) Nicolas Wolf (Butzweiler) Sebastian Holz (Butzweiler) Nikolaus Lieser (Butzweiler) Stefan Bins (Butzweiler) Hans Cremer (Butzweiler) Vincent [&hellip;]<\/p>\n","protected":false},"author":1,"featured_media":0,"comment_status":"closed","ping_status":"closed","sticky":false,"template":"","format":"standard","meta":{"footnotes":""},"categories":[74,3,2,73],"tags":[96,139,270,271,100,272,268,267,269],"class_list":["post-689","post","type-post","status-publish","format-standard","hentry","category-gemeinderatswahlen","category-newel","category-trier-land","category-wahlen","tag-dominik-matter","tag-marc-salm","tag-maximilian-kimmlingen","tag-nicolas-wolf","tag-nikolaus-lieser","tag-sebastian-holz","tag-tina-laudwein","tag-udo-ungar","tag-volker-brunke"],"_links":{"self":[{"href":"https:\/\/www.spd-trier-land.de\/index.php?rest_route=\/wp\/v2\/posts\/689","targetHints":{"allow":["GET"]}}],"collection":[{"href":"https:\/\/www.spd-trier-land.de\/index.php?rest_route=\/wp\/v2\/posts"}],"about":[{"href":"https:\/\/www.spd-trier-land.de\/index.php?rest_route=\/wp\/v2\/types\/post"}],"author":[{"embeddable":true,"href":"https:\/\/www.spd-trier-land.de\/index.php?rest_route=\/wp\/v2\/users\/1"}],"replies":[{"embeddable":true,"href":"https:\/\/www.spd-trier-land.de\/index.php?rest_route=%2Fwp%2Fv2%2Fcomments&post=689"}],"version-history":[{"count":1,"href":"https:\/\/www.spd-trier-land.de\/index.php?rest_route=\/wp\/v2\/posts\/689\/revisions"}],"predecessor-version":[{"id":690,"href":"https:\/\/www.spd-trier-land.de\/index.php?rest_route=\/wp\/v2\/posts\/689\/revisions\/690"}],"wp:attachment":[{"href":"https:\/\/www.spd-trier-land.de\/index.php?rest_route=%2Fwp%2Fv2%2Fmedia&parent=689"}],"wp:term":[{"taxonomy":"category","embeddable":true,"href":"https:\/\/www.spd-trier-land.de\/index.php?rest_route=%2Fwp%2Fv2%2Fcategories&post=689"},{"taxonomy":"post_tag","embeddable":true,"href":"https:\/\/www.spd-trier-land.de\/index.php?rest_route=%2Fwp%2Fv2%2Ftags&post=689"}],"curies":[{"name":"wp","href":"https:\/\/api.w.org\/{rel}","templated":true}]}}