{"id":698,"date":"2019-03-31T22:59:53","date_gmt":"2019-03-31T20:59:53","guid":{"rendered":"http:\/\/www.spd-trier-land.de\/?p=698"},"modified":"2019-04-01T00:05:07","modified_gmt":"2019-03-31T22:05:07","slug":"spd-ortsverein-newel-erstellt-bewerberliste-fuer-die-ortsbeiratswahlen-in-der-gemeinde-newel-2019","status":"publish","type":"post","link":"https:\/\/www.spd-trier-land.de\/?p=698","title":{"rendered":"SPD Ortsverein Newel erstellt Bewerberliste f\u00fcr die Ortsbeiratswahlen in der Gemeinde Newel 2019"},"content":{"rendered":"\n<p>Auf seiner Mitgliederversammlung am 15. M\u00e4rz 2019 stellte der Ortsverein Newel auch seine Bewerlisten f\u00fcr die Ortsbeir\u00e4te in Butzweiler und Be\u00dflich auf<\/p>\n\n\n\n<h4 class=\"wp-block-heading\">Ortsbeirat Be\u00dflich<\/h4>\n\n\n\n<ol class=\"wp-block-list\"><li>Renate P\u00e4ulgen (3-fach)<\/li><li>Dominik Matter (2-fach)<\/li><\/ol>\n\n\n\n<h4 class=\"wp-block-heading\">Ortsbeirat Butzweiler<\/h4>\n\n\n\n<ol class=\"wp-block-list\"><li>Nikolaus Lieser<\/li><li>Volker Brunke<\/li><li>Tina Laudwein<\/li><li>Hans Cremer<\/li><li>Stefan Bins<\/li><li>Nicolas Wolf<\/li><\/ol>\n","protected":false},"excerpt":{"rendered":"<p>Auf seiner Mitgliederversammlung am 15. M\u00e4rz 2019 stellte der Ortsverein Newel auch seine Bewerlisten f\u00fcr die Ortsbeir\u00e4te in Butzweiler und Be\u00dflich auf Ortsbeirat Be\u00dflich Renate P\u00e4ulgen (3-fach) Dominik Matter (2-fach) Ortsbeirat Butzweiler Nikolaus Lieser Volker Brunke Tina Laudwein Hans Cremer Stefan Bins Nicolas Wolf<\/p>\n","protected":false},"author":1,"featured_media":0,"comment_status":"closed","ping_status":"closed","sticky":false,"template":"","format":"standard","meta":{"footnotes":""},"categories":[3,75,2,73],"tags":[96,274,100,273,275,268,269],"class_list":["post-698","post","type-post","status-publish","format-standard","hentry","category-newel","category-ortsbeiratswahlen","category-trier-land","category-wahlen","tag-dominik-matter","tag-hans-cremer","tag-nikolaus-lieser","tag-renate-paeulgen","tag-stefan-bins","tag-tina-laudwein","tag-volker-brunke"],"_links":{"self":[{"href":"https:\/\/www.spd-trier-land.de\/index.php?rest_route=\/wp\/v2\/posts\/698","targetHints":{"allow":["GET"]}}],"collection":[{"href":"https:\/\/www.spd-trier-land.de\/index.php?rest_route=\/wp\/v2\/posts"}],"about":[{"href":"https:\/\/www.spd-trier-land.de\/index.php?rest_route=\/wp\/v2\/types\/post"}],"author":[{"embeddable":true,"href":"https:\/\/www.spd-trier-land.de\/index.php?rest_route=\/wp\/v2\/users\/1"}],"replies":[{"embeddable":true,"href":"https:\/\/www.spd-trier-land.de\/index.php?rest_route=%2Fwp%2Fv2%2Fcomments&post=698"}],"version-history":[{"count":1,"href":"https:\/\/www.spd-trier-land.de\/index.php?rest_route=\/wp\/v2\/posts\/698\/revisions"}],"predecessor-version":[{"id":699,"href":"https:\/\/www.spd-trier-land.de\/index.php?rest_route=\/wp\/v2\/posts\/698\/revisions\/699"}],"wp:attachment":[{"href":"https:\/\/www.spd-trier-land.de\/index.php?rest_route=%2Fwp%2Fv2%2Fmedia&parent=698"}],"wp:term":[{"taxonomy":"category","embeddable":true,"href":"https:\/\/www.spd-trier-land.de\/index.php?rest_route=%2Fwp%2Fv2%2Fcategories&post=698"},{"taxonomy":"post_tag","embeddable":true,"href":"https:\/\/www.spd-trier-land.de\/index.php?rest_route=%2Fwp%2Fv2%2Ftags&post=698"}],"curies":[{"name":"wp","href":"https:\/\/api.w.org\/{rel}","templated":true}]}}