{"id":711,"date":"2019-04-09T20:15:49","date_gmt":"2019-04-09T18:15:49","guid":{"rendered":"http:\/\/www.spd-trier-land.de\/?p=711"},"modified":"2019-05-09T20:46:12","modified_gmt":"2019-05-09T18:46:12","slug":"spd-langsur-heimat-mit-zukunft-zur-kommunalwahl-2019","status":"publish","type":"post","link":"https:\/\/www.spd-trier-land.de\/?p=711","title":{"rendered":"SPD Langsur &#8211; Heimat mit Zukunft zur Kommunalwahl 2019"},"content":{"rendered":"\n<p>Unsere Ziele<br> Langsur:<br> \u2022 Neubau eines Jugendraumes unter Einbin-dung der Jugendlichen<br> \u2022 Sanierung der Gemeindestra\u00dfe Ortsausgang nach Wasserbilligerbr\u00fcck<br> \u2022 Neuansiedlung einer Gr\u00fcngutannahmestelle<br> Mesenich:<br> \u2022 In Zusammenarbeit mit dem Betreiber des Steinbruches Mesenich Minimierung der Im-missionen<br> \u2022 Sanierung des Gemeindehauses unter Beibe-haltung der Fassade<br> \u2022 Schaffung von finanzierbarem Bauland f\u00fcr junge Familien<br> Metzdorf:<br> \u2022 Sanierung des Spielplatzes in der Uferstra\u00dfe<br> \u2022 Erneuerung der Kreisstra\u00dfe K 4 nach Trierweiler<br> Grewenich:<br> \u2022 Schaffung von finanzierbarem Bauland f\u00fcr junge Familien<br> \u2022 Sanierung des Gemeindehauses<br> Wir fordern eine Verbesserung des \u00d6PNV und der Grundversorgung f\u00fcr alle unsere Ortsteile. Wir wollen einen kommunalen Baukostenzuschuss in H\u00f6he von mindestens 1.000 EUR f\u00fcr junge Familien, die in der Ortsgemeinde bleiben.<\/p>\n\n\n\n<h4 class=\"wp-block-heading\">Alle Kandidaten \/innen im aktuellen Flyer <\/h4>\n\n\n\n<div class=\"wp-block-file\"><a href=\"http:\/\/www.spd-trier-land.de\/wp-content\/uploads\/2019\/05\/2019_SPD_Langsur_Heimat-mit-Zukunft.pdf\">2019_SPD_Langsur_Heimat mit Zukunft<\/a><a href=\"http:\/\/www.spd-trier-land.de\/wp-content\/uploads\/2019\/05\/2019_SPD_Langsur_Heimat-mit-Zukunft.pdf\" class=\"wp-block-file__button\" download>Herunterladen<\/a><\/div>\n","protected":false},"excerpt":{"rendered":"<p>Unsere Ziele Langsur: \u2022 Neubau eines Jugendraumes unter Einbin-dung der Jugendlichen \u2022 Sanierung der Gemeindestra\u00dfe Ortsausgang nach Wasserbilligerbr\u00fcck \u2022 Neuansiedlung einer Gr\u00fcngutannahmestelle Mesenich: \u2022 In Zusammenarbeit mit dem Betreiber des Steinbruches Mesenich Minimierung der Im-missionen \u2022 Sanierung des Gemeindehauses unter Beibe-haltung der Fassade \u2022 Schaffung von finanzierbarem Bauland f\u00fcr junge Familien Metzdorf: \u2022 Sanierung des [&hellip;]<\/p>\n","protected":false},"author":1,"featured_media":0,"comment_status":"closed","ping_status":"closed","sticky":false,"template":"","format":"standard","meta":{"footnotes":""},"categories":[8,2,48],"tags":[311,312,313,292,314,210,194,315,285,215],"class_list":["post-711","post","type-post","status-publish","format-standard","hentry","category-langsur","category-trier-land","category-zeitungen","tag-alfred-gries","tag-guenther-thull","tag-herbert-permesang","tag-horst-schu","tag-irmgard-maximini","tag-langsur","tag-matthias-wagner","tag-peter-bruns","tag-sebastian-bach","tag-spd"],"_links":{"self":[{"href":"https:\/\/www.spd-trier-land.de\/index.php?rest_route=\/wp\/v2\/posts\/711","targetHints":{"allow":["GET"]}}],"collection":[{"href":"https:\/\/www.spd-trier-land.de\/index.php?rest_route=\/wp\/v2\/posts"}],"about":[{"href":"https:\/\/www.spd-trier-land.de\/index.php?rest_route=\/wp\/v2\/types\/post"}],"author":[{"embeddable":true,"href":"https:\/\/www.spd-trier-land.de\/index.php?rest_route=\/wp\/v2\/users\/1"}],"replies":[{"embeddable":true,"href":"https:\/\/www.spd-trier-land.de\/index.php?rest_route=%2Fwp%2Fv2%2Fcomments&post=711"}],"version-history":[{"count":3,"href":"https:\/\/www.spd-trier-land.de\/index.php?rest_route=\/wp\/v2\/posts\/711\/revisions"}],"predecessor-version":[{"id":715,"href":"https:\/\/www.spd-trier-land.de\/index.php?rest_route=\/wp\/v2\/posts\/711\/revisions\/715"}],"wp:attachment":[{"href":"https:\/\/www.spd-trier-land.de\/index.php?rest_route=%2Fwp%2Fv2%2Fmedia&parent=711"}],"wp:term":[{"taxonomy":"category","embeddable":true,"href":"https:\/\/www.spd-trier-land.de\/index.php?rest_route=%2Fwp%2Fv2%2Fcategories&post=711"},{"taxonomy":"post_tag","embeddable":true,"href":"https:\/\/www.spd-trier-land.de\/index.php?rest_route=%2Fwp%2Fv2%2Ftags&post=711"}],"curies":[{"name":"wp","href":"https:\/\/api.w.org\/{rel}","templated":true}]}}