{"id":716,"date":"2019-05-09T20:50:17","date_gmt":"2019-05-09T18:50:17","guid":{"rendered":"http:\/\/www.spd-trier-land.de\/?p=716"},"modified":"2019-05-09T20:51:46","modified_gmt":"2019-05-09T18:51:46","slug":"unsere-kandidatinnen-und-kandidaten-fuer-trier-land","status":"publish","type":"post","link":"https:\/\/www.spd-trier-land.de\/?p=716","title":{"rendered":"Unsere Kandidatinnen und Kandidaten f\u00fcr Trier-Land"},"content":{"rendered":"\n<p>Liebe Mitb\u00fcrgerinnen und Mitb\u00fcrger,<br> mit dieser Ausgabe \u201eWir f\u00fcr Trier-Land\u201c pr\u00e4sentieren wir Ihnen<br> unsere Bewerber zur Wahl des Verbandsgemeinderates<br> Trier-Land am 26. Mai 2019.<br> Bei den Kommunalwahlen am 26. Mai 2019 entscheiden Sie<br> \u00fcber die Zusammensetzung des Verbandsgemeinderates<br> und somit, wer f\u00fcr die politischen Geschicke der n\u00e4chsten<br> f\u00fcnf Jahre in Trier-Land die Verantwortung tr\u00e4gt. Wir<br> engagieren uns seit Bestehen der Verbandsgemeinde f\u00fcr<br> ihre B\u00fcrger und setzen uns folglich f\u00fcr Ihre Interessen und<br> Belange sehr gerne ein. Die SPD ist seit der letzten Wahl an<br> der Verwaltung der Verbandsgemeinde beteiligt. Wir sind<br> der zuverl\u00e4ssige Partner und Ratgeber der Verwaltung.<br> Edgar Schmitt aus Zemmer ist seit nunmehr 5 Jahren Beigeordneter<br> der Verbandsgemeinde und somit einer der<br> Stellvertreter des B\u00fcrgermeisters. Eine sparsame Haushaltsf\u00fchrung,<br> stabile Umlagen f\u00fcr die Gemeinden und moderate<br> Beitr\u00e4ge f\u00fcr die B\u00fcrgerinnen und B\u00fcrger waren die Schwerpunkte<br> seiner und unserer Politik.<br> Das soll auch nach der n\u00e4chsten Wahl so bleiben, daf\u00fcr<br> stehen wir mit unseren Kandidatinnen und Kandidaten. Eine<br> gro\u00dfe Bandbreite an engagierten B\u00fcrgerinnen und B\u00fcrgern<br> aller Altersgruppen, ob Sozialarbeiter, Juristen, Facharbeiter,<br> Rentner, Manager, Gesch\u00e4ftsf\u00fchrer, Ingenieure, Polizisten,<br> Techniker, Kommunikationsdesigner, Krankenschwestern,<br> M\u00fctter oder V\u00e4ter, ob angestellt oder selbstst\u00e4ndig, ob ledig<br> oder verheiratet bewerben sich auf unserer Liste, um ein<br> Mandat im Verbandsgemeinderat zu erhalten.<br> Gehen Sie zur Wahl und geben Sie mit Ihrer Stimme uns das<br> Vertrauen.<\/p>\n\n\n\n<p>Edgar Schmitt (SPD-Fraktion Trier-Land)<br>Dominik Matter (SPD Trier-Land)<br><\/p>\n","protected":false},"excerpt":{"rendered":"<p>Liebe Mitb\u00fcrgerinnen und Mitb\u00fcrger, mit dieser Ausgabe \u201eWir f\u00fcr Trier-Land\u201c pr\u00e4sentieren wir Ihnen unsere Bewerber zur Wahl des Verbandsgemeinderates Trier-Land am 26. Mai 2019. Bei den Kommunalwahlen am 26. Mai 2019 entscheiden Sie \u00fcber die Zusammensetzung des Verbandsgemeinderates und somit, wer f\u00fcr die politischen Geschicke der n\u00e4chsten f\u00fcnf Jahre in Trier-Land die Verantwortung tr\u00e4gt. Wir [&hellip;]<\/p>\n","protected":false},"author":1,"featured_media":718,"comment_status":"closed","ping_status":"closed","sticky":false,"template":"","format":"standard","meta":{"footnotes":""},"categories":[2],"tags":[],"class_list":["post-716","post","type-post","status-publish","format-standard","has-post-thumbnail","hentry","category-trier-land"],"_links":{"self":[{"href":"https:\/\/www.spd-trier-land.de\/index.php?rest_route=\/wp\/v2\/posts\/716","targetHints":{"allow":["GET"]}}],"collection":[{"href":"https:\/\/www.spd-trier-land.de\/index.php?rest_route=\/wp\/v2\/posts"}],"about":[{"href":"https:\/\/www.spd-trier-land.de\/index.php?rest_route=\/wp\/v2\/types\/post"}],"author":[{"embeddable":true,"href":"https:\/\/www.spd-trier-land.de\/index.php?rest_route=\/wp\/v2\/users\/1"}],"replies":[{"embeddable":true,"href":"https:\/\/www.spd-trier-land.de\/index.php?rest_route=%2Fwp%2Fv2%2Fcomments&post=716"}],"version-history":[{"count":2,"href":"https:\/\/www.spd-trier-land.de\/index.php?rest_route=\/wp\/v2\/posts\/716\/revisions"}],"predecessor-version":[{"id":719,"href":"https:\/\/www.spd-trier-land.de\/index.php?rest_route=\/wp\/v2\/posts\/716\/revisions\/719"}],"wp:featuredmedia":[{"embeddable":true,"href":"https:\/\/www.spd-trier-land.de\/index.php?rest_route=\/wp\/v2\/media\/718"}],"wp:attachment":[{"href":"https:\/\/www.spd-trier-land.de\/index.php?rest_route=%2Fwp%2Fv2%2Fmedia&parent=716"}],"wp:term":[{"taxonomy":"category","embeddable":true,"href":"https:\/\/www.spd-trier-land.de\/index.php?rest_route=%2Fwp%2Fv2%2Fcategories&post=716"},{"taxonomy":"post_tag","embeddable":true,"href":"https:\/\/www.spd-trier-land.de\/index.php?rest_route=%2Fwp%2Fv2%2Ftags&post=716"}],"curies":[{"name":"wp","href":"https:\/\/api.w.org\/{rel}","templated":true}]}}