{"id":720,"date":"2019-05-10T12:05:48","date_gmt":"2019-05-10T10:05:48","guid":{"rendered":"http:\/\/www.spd-trier-land.de\/?p=720"},"modified":"2019-05-09T21:08:50","modified_gmt":"2019-05-09T19:08:50","slug":"die-schulen-muessen-in-unseren-doerfern-bleiben","status":"publish","type":"post","link":"https:\/\/www.spd-trier-land.de\/?p=720","title":{"rendered":"Die Schulen m\u00fcssen in unseren D\u00f6rfern bleiben!"},"content":{"rendered":"\n<p><br>Wir Sozialdemokraten wollen den Erhalt aller acht Grundschulen.<br> Hierf\u00fcr haben wir in der letzten Legislaturperiode viel getan. Die Erweiterungen der Schulen in Trierweiler, Zemmer, Butzweiler und Welschbillig sind ein gutes Beispiel daf\u00fcr. Die Planungen f\u00fcr Igel sind abgeschlossen und wir erwarten in K\u00fcrze die Baugenehmigung. Nicht nur in die Erweiterung der Klassenr\u00e4ume haben wir investiert, sondern<br> auch den Brandschutz auf den neuesten Stand gebracht.<br><br> Denn die Sicherheit unserer Kinder und des Schulpersonals<br> genie\u00dft f\u00fcr uns besondere Priorit\u00e4t. Auch an den anderen Schulstandorten werden wir uns f\u00fcr bedarfsorientierte Investitionen einsetzen. In der kommenden Legislaturperiode werden wir ein Sanierungs- und<br> Gestaltungsprogramm f\u00fcr unsere Schulh\u00f6fe fordern. Diese<br> Bewegungs- und Erholungspl\u00e4tze der Sch\u00fcler sind in die Jahre<br> gekommen und m\u00fcssen teilweise saniert und umgestaltet werden. Es ist dringend erforderlich unseren Kindern mehr kreative Spielm\u00f6glichkeiten und Bewegungsmotivation w\u00e4hrend der Pausen zu erm\u00f6glichen. Mit der Sanierung unserer Turnhallen haben wir am Standort Kordel begonnen und sie muss bedarfsgerecht weitergef\u00fchrt werden. F\u00fcr die Verz\u00f6gerungen<br> im Bauablauf ist die Politik nicht verantwortlich. Hier gilt es, die Verantwortlichen zur Rechenschaft zu ziehen und daf\u00fcr zu sorgen, dass die Halle schnellstm\u00f6glich von unseren Kindern und den Vereinen wieder genutzt werden kann.<br> Die zunehmende Gewalt und Aggression macht auch an unseren Grundschulen nicht halt. Daher m\u00fcssen wir uns mit dem Thema Sozialarbeit an Grundschulen intensiver befassen als bisher. Au\u00dferdem werden wir uns daf\u00fcr einsetzen, dass unsere Kinder wohnortnah die weiterf\u00fchrenden Schulen besuchen k\u00f6nnen. Die Mandatstr\u00e4ger der SPD hatten das Thema erstmals 2014 auf die Agenda gesetzt, als Kindern<br> aus Trier-Land der Zugang an der weiterf\u00fchrenden Schule in Schweich verweigert wurde und eine eigene weiterf\u00fchrende Schule f\u00fcr Trier-Land als beste L\u00f6sung in Frage k\u00e4me.<br> Hierbei nehmen wir die Aussage des Landrates beim Wort.<br> Mittlerweile haben die anderen Fraktionen im VG-Rat das Thema auch entdeckt und unterst\u00fctzen unsere Forderung.<br><br><strong> SPD w\u00e4hlen, denn es geht um unsere Kinder!<\/strong><\/p>\n","protected":false},"excerpt":{"rendered":"<p>Wir Sozialdemokraten wollen den Erhalt aller acht Grundschulen. Hierf\u00fcr haben wir in der letzten Legislaturperiode viel getan. Die Erweiterungen der Schulen in Trierweiler, Zemmer, Butzweiler und Welschbillig sind ein gutes Beispiel daf\u00fcr. Die Planungen f\u00fcr Igel sind abgeschlossen und wir erwarten in K\u00fcrze die Baugenehmigung. Nicht nur in die Erweiterung der Klassenr\u00e4ume haben wir investiert, [&hellip;]<\/p>\n","protected":false},"author":1,"featured_media":0,"comment_status":"closed","ping_status":"closed","sticky":false,"template":"","format":"standard","meta":{"footnotes":""},"categories":[2],"tags":[237,198],"class_list":["post-720","post","type-post","status-publish","format-standard","hentry","category-trier-land","tag-grundschule","tag-trier-land"],"_links":{"self":[{"href":"https:\/\/www.spd-trier-land.de\/index.php?rest_route=\/wp\/v2\/posts\/720","targetHints":{"allow":["GET"]}}],"collection":[{"href":"https:\/\/www.spd-trier-land.de\/index.php?rest_route=\/wp\/v2\/posts"}],"about":[{"href":"https:\/\/www.spd-trier-land.de\/index.php?rest_route=\/wp\/v2\/types\/post"}],"author":[{"embeddable":true,"href":"https:\/\/www.spd-trier-land.de\/index.php?rest_route=\/wp\/v2\/users\/1"}],"replies":[{"embeddable":true,"href":"https:\/\/www.spd-trier-land.de\/index.php?rest_route=%2Fwp%2Fv2%2Fcomments&post=720"}],"version-history":[{"count":1,"href":"https:\/\/www.spd-trier-land.de\/index.php?rest_route=\/wp\/v2\/posts\/720\/revisions"}],"predecessor-version":[{"id":721,"href":"https:\/\/www.spd-trier-land.de\/index.php?rest_route=\/wp\/v2\/posts\/720\/revisions\/721"}],"wp:attachment":[{"href":"https:\/\/www.spd-trier-land.de\/index.php?rest_route=%2Fwp%2Fv2%2Fmedia&parent=720"}],"wp:term":[{"taxonomy":"category","embeddable":true,"href":"https:\/\/www.spd-trier-land.de\/index.php?rest_route=%2Fwp%2Fv2%2Fcategories&post=720"},{"taxonomy":"post_tag","embeddable":true,"href":"https:\/\/www.spd-trier-land.de\/index.php?rest_route=%2Fwp%2Fv2%2Ftags&post=720"}],"curies":[{"name":"wp","href":"https:\/\/api.w.org\/{rel}","templated":true}]}}