{"id":723,"date":"2019-05-12T11:07:59","date_gmt":"2019-05-12T09:07:59","guid":{"rendered":"http:\/\/www.spd-trier-land.de\/?p=723"},"modified":"2019-05-12T11:07:59","modified_gmt":"2019-05-12T09:07:59","slug":"unserer-jugend-gehoert-die-zukunft-und-den-senioren-unsere-aufmerksamkeit","status":"publish","type":"post","link":"https:\/\/www.spd-trier-land.de\/?p=723","title":{"rendered":"Unserer Jugend geh\u00f6rt die Zukunft und den Senioren unsere Aufmerksamkeit!"},"content":{"rendered":"\n<p>Das Richtige tun, damit die Jugend gute Startbedingungen f\u00fcr das k\u00fcnftige Leben hat, ist unser Anliegen. Den Senioren die notwendige Aufmerksamkeit widmen, damit das Leben f\u00fcr sie lebenswert bleibt. Das sind unsere Grunds\u00e4tze, f\u00fcr die es sich lohnt sich zu engagieren.<br> In zahlreichen Vereinen wird seit Jahrzehnten gute Jugendarbeit<br> geleistet. Wir haben uns daf\u00fcr eingesetzt, dass Mitte der 80er Jahre ein hauptamtlicher Jugendpfleger bei der Verbandsgemeinde eingestellt wurde, um so den vielen ehrenamtlichen Jugendgruppen die notwendige Unterst\u00fctzung an die Seite zu stellen.<br><br> Durch unsere Seniorenbeauftragte werden viele Belange unserer \u00e4lteren Generation thematisiert. Die von ihr organisierten Veranstaltungen sind sehr beliebt und meist schnell ausgebucht.<br> Wir Sozialdemokraten unterst\u00fctzen das Engagement in der<br> Jugend- und im Seniorenbereich. Wir sorgen daf\u00fcr, dass die notwendigen Mittel im Haushalt daf\u00fcr bereitgestellt werden.<\/p>\n\n\n\n<p>In Kinderg\u00e4rten und Schulen gute Betreuungsangebote schaffen und daf\u00fcr sorgen, dass das Leben f\u00fcr unsere \u00e4lteren Mitb\u00fcrgerinnen und Mitb\u00fcrger in unseren D\u00f6rfern selbstbestimmt m\u00f6glich ist.<\/p>\n\n\n\n<p class=\"has-medium-font-size\"> SPD w\u00e4hlen, damit niemand vergessen wird!<\/p>\n\n\n\n<p><br><\/p>\n","protected":false},"excerpt":{"rendered":"<p>Das Richtige tun, damit die Jugend gute Startbedingungen f\u00fcr das k\u00fcnftige Leben hat, ist unser Anliegen. Den Senioren die notwendige Aufmerksamkeit widmen, damit das Leben f\u00fcr sie lebenswert bleibt. Das sind unsere Grunds\u00e4tze, f\u00fcr die es sich lohnt sich zu engagieren. In zahlreichen Vereinen wird seit Jahrzehnten gute Jugendarbeit geleistet. Wir haben uns daf\u00fcr eingesetzt, [&hellip;]<\/p>\n","protected":false},"author":1,"featured_media":0,"comment_status":"closed","ping_status":"closed","sticky":false,"template":"","format":"standard","meta":{"footnotes":""},"categories":[2],"tags":[316,234,318,319,215,198],"class_list":["post-723","post","type-post","status-publish","format-standard","hentry","category-trier-land","tag-jugend","tag-kindergarten","tag-senioren","tag-seniorenbeauftragte","tag-spd","tag-trier-land"],"_links":{"self":[{"href":"https:\/\/www.spd-trier-land.de\/index.php?rest_route=\/wp\/v2\/posts\/723","targetHints":{"allow":["GET"]}}],"collection":[{"href":"https:\/\/www.spd-trier-land.de\/index.php?rest_route=\/wp\/v2\/posts"}],"about":[{"href":"https:\/\/www.spd-trier-land.de\/index.php?rest_route=\/wp\/v2\/types\/post"}],"author":[{"embeddable":true,"href":"https:\/\/www.spd-trier-land.de\/index.php?rest_route=\/wp\/v2\/users\/1"}],"replies":[{"embeddable":true,"href":"https:\/\/www.spd-trier-land.de\/index.php?rest_route=%2Fwp%2Fv2%2Fcomments&post=723"}],"version-history":[{"count":1,"href":"https:\/\/www.spd-trier-land.de\/index.php?rest_route=\/wp\/v2\/posts\/723\/revisions"}],"predecessor-version":[{"id":724,"href":"https:\/\/www.spd-trier-land.de\/index.php?rest_route=\/wp\/v2\/posts\/723\/revisions\/724"}],"wp:attachment":[{"href":"https:\/\/www.spd-trier-land.de\/index.php?rest_route=%2Fwp%2Fv2%2Fmedia&parent=723"}],"wp:term":[{"taxonomy":"category","embeddable":true,"href":"https:\/\/www.spd-trier-land.de\/index.php?rest_route=%2Fwp%2Fv2%2Fcategories&post=723"},{"taxonomy":"post_tag","embeddable":true,"href":"https:\/\/www.spd-trier-land.de\/index.php?rest_route=%2Fwp%2Fv2%2Ftags&post=723"}],"curies":[{"name":"wp","href":"https:\/\/api.w.org\/{rel}","templated":true}]}}