{"id":725,"date":"2019-05-14T12:00:26","date_gmt":"2019-05-14T10:00:26","guid":{"rendered":"http:\/\/www.spd-trier-land.de\/?p=725"},"modified":"2019-05-12T21:04:17","modified_gmt":"2019-05-12T19:04:17","slug":"mobilitaet-fuer-alle-buerger","status":"publish","type":"post","link":"https:\/\/www.spd-trier-land.de\/?p=725","title":{"rendered":"Mobilit\u00e4t f\u00fcr alle B\u00fcrger!"},"content":{"rendered":"\n<p>Dem \u00f6ffentlichen Nahverkehr kommt im Hinblick auf die<br> demographische Entwicklung eine besondere Bedeutung zu. Viele Menschen aller Altersgruppen in unseren D\u00f6rfern sind auf die Anbindung an die Zentren unserer Region angewiesen.<br> Es gilt, die <strong>Busverbindungen<\/strong> auf die Bed\u00fcrfnisse der Menschen abzustimmen und die Fahrpl\u00e4ne dem Bedarf entsprechend zu gestalten.<br> Hierzu haben Sozialdemokraten zum \u00d6PNV Konzept des Landkreises gute Vorschl\u00e4ge gemacht . Ein gutes Beispiel hierf\u00fcr wird ab 1. September 2019 in der Fidei Gemeinde Zemmer umgesetzt. Neben einem Stundentakt zum Oberzentrum Trier konnte auch ein interner Stundentakt zwischen<br> den zur Gemeinde Zemmer geh\u00f6renden Ortsteile Rodt, Schleidweiler und Daufenbach eingerichtet werden.<br> Zemmers Ortsb\u00fcrgermeister Edgar Schmitt (SPD) hat alle<br> Voraussetzungen in seiner Gemeinde daf\u00fcr geschaffen, dass<br> das neue \u00d6PNV Konzept eingef\u00fchrt werden kann.<br><br> Der <strong>schienengebundene Verkehr<\/strong> soll attraktiver werden.<br> Erg\u00e4nzt werden soll der klassische \u00d6PNV durch alternative  Mobilit\u00e4tsformen wie Sammel- und Ruf-Taxen, aber auch durch B\u00fcrgerbusse. Wo immer Gemeinden oder ehrenamtliche B\u00fcrgerinitiativen sich dieses Themas annehmen und versuchen die Mobilit\u00e4t der B\u00fcrgerinnen und B\u00fcrger zu verbessern, soll die Verbandsgemeinde dies durch geeignete F\u00f6rderung unterst\u00fctzen und begleiten. Auch bei diesem<br> Thema bleibt die Gemeinde Zemmer beispielhaft. Mit der Einf\u00fchrung des B\u00fcrgerbusses im Fr\u00fchjahr dieses Jahres werden vor allem mobilit\u00e4tseingeschr\u00e4nkte B\u00fcrger z.B. zum Arzt oder zum Einkaufen transportiert und so das t\u00e4gliche Leben lebenswerter gemacht.<\/p>\n\n\n\n<p><br><strong> SPD w\u00e4hlen, damit gute Ideen nicht verloren gehen!<\/strong><\/p>\n","protected":false},"excerpt":{"rendered":"<p>Dem \u00f6ffentlichen Nahverkehr kommt im Hinblick auf die demographische Entwicklung eine besondere Bedeutung zu. Viele Menschen aller Altersgruppen in unseren D\u00f6rfern sind auf die Anbindung an die Zentren unserer Region angewiesen. Es gilt, die Busverbindungen auf die Bed\u00fcrfnisse der Menschen abzustimmen und die Fahrpl\u00e4ne dem Bedarf entsprechend zu gestalten. Hierzu haben Sozialdemokraten zum \u00d6PNV Konzept [&hellip;]<\/p>\n","protected":false},"author":1,"featured_media":0,"comment_status":"closed","ping_status":"closed","sticky":false,"template":"","format":"standard","meta":{"footnotes":""},"categories":[2],"tags":[322,321,323,61,320,325,324,215,198,207],"class_list":["post-725","post","type-post","status-publish","format-standard","hentry","category-trier-land","tag-bahn","tag-bus","tag-busverbindung","tag-edgar-schmitt","tag-mobilitaet","tag-oepnv","tag-schienenverkehr","tag-spd","tag-trier-land","tag-zemmer"],"_links":{"self":[{"href":"https:\/\/www.spd-trier-land.de\/index.php?rest_route=\/wp\/v2\/posts\/725","targetHints":{"allow":["GET"]}}],"collection":[{"href":"https:\/\/www.spd-trier-land.de\/index.php?rest_route=\/wp\/v2\/posts"}],"about":[{"href":"https:\/\/www.spd-trier-land.de\/index.php?rest_route=\/wp\/v2\/types\/post"}],"author":[{"embeddable":true,"href":"https:\/\/www.spd-trier-land.de\/index.php?rest_route=\/wp\/v2\/users\/1"}],"replies":[{"embeddable":true,"href":"https:\/\/www.spd-trier-land.de\/index.php?rest_route=%2Fwp%2Fv2%2Fcomments&post=725"}],"version-history":[{"count":1,"href":"https:\/\/www.spd-trier-land.de\/index.php?rest_route=\/wp\/v2\/posts\/725\/revisions"}],"predecessor-version":[{"id":726,"href":"https:\/\/www.spd-trier-land.de\/index.php?rest_route=\/wp\/v2\/posts\/725\/revisions\/726"}],"wp:attachment":[{"href":"https:\/\/www.spd-trier-land.de\/index.php?rest_route=%2Fwp%2Fv2%2Fmedia&parent=725"}],"wp:term":[{"taxonomy":"category","embeddable":true,"href":"https:\/\/www.spd-trier-land.de\/index.php?rest_route=%2Fwp%2Fv2%2Fcategories&post=725"},{"taxonomy":"post_tag","embeddable":true,"href":"https:\/\/www.spd-trier-land.de\/index.php?rest_route=%2Fwp%2Fv2%2Ftags&post=725"}],"curies":[{"name":"wp","href":"https:\/\/api.w.org\/{rel}","templated":true}]}}